{"id":9950,"date":"2020-01-10T07:36:36","date_gmt":"2020-01-10T10:36:36","guid":{"rendered":"http:\/\/4cantosalagoas.com.br\/portal\/?p=9950"},"modified":"2020-01-10T07:36:45","modified_gmt":"2020-01-10T10:36:45","slug":"projeto-ecoferias-oferece-atividades-para-criancas-e-adultos","status":"publish","type":"post","link":"https:\/\/4cantosalagoas.com.br\/portal\/projeto-ecoferias-oferece-atividades-para-criancas-e-adultos\/","title":{"rendered":"Projeto EcoF\u00e9rias oferece atividades para crian\u00e7as e adultos"},"content":{"rendered":"\n<figure class=\"wp-block-image\"><img fetchpriority=\"high\" decoding=\"async\" width=\"790\" height=\"668\" src=\"http:\/\/4cantosalagoas.com.br\/portal\/wp-content\/uploads\/2020\/01\/de44.jpg\" alt=\"\" class=\"wp-image-9951\" srcset=\"https:\/\/4cantosalagoas.com.br\/portal\/wp-content\/uploads\/2020\/01\/de44.jpg 790w, https:\/\/4cantosalagoas.com.br\/portal\/wp-content\/uploads\/2020\/01\/de44-300x254.jpg 300w, https:\/\/4cantosalagoas.com.br\/portal\/wp-content\/uploads\/2020\/01\/de44-768x649.jpg 768w\" sizes=\"(max-width: 790px) 100vw, 790px\" \/><figcaption>Divulga\u00e7\u00e3o<\/figcaption><\/figure>\n\n\n\n<p>J\u00e1 \u00e9 tradi\u00e7\u00e3o em Macei\u00f3: em janeiro tem programa\u00e7\u00e3o especial nos parques. O consolidado Projeto EcoF\u00e9rias \u00e9 realizado anualmente pela Prefeitura, por meio da Superintend\u00eancia Municipal de Desenvolvimento Sustent\u00e1vel (Sudes), e conta com atividades para toda a fam\u00edlia nas reservas ambientais, incluindo trilhas, trekking, aula de dan\u00e7a, brincadeiras e piquenique. Neste ano, a programa\u00e7\u00e3o acontecer\u00e1 em dias alternados no Parque Municipal e no Parque do Horto, entre 12 e 25 de janeiro, al\u00e9m de um dia especial na praia de Ponta Verde.<\/p>\n\n\n\n<p>\u201cO Projeto EcoF\u00e9rias \u00e9 uma iniciativa j\u00e1 consolidada que realizamos h\u00e1 alguns anos em Macei\u00f3 para ofertar \u00e0s fam\u00edlias op\u00e7\u00f5es de lazer ao ar livre. \u00c9 uma forma de, al\u00e9m de levar os maceioenses aos nossos parques, oferecer gratuitamente uma programa\u00e7\u00e3o especial e diferente para todas as idades.&nbsp; Al\u00e9m dos parques, a programa\u00e7\u00e3o deste ano contemplar\u00e1 atividades na praia, com foco na educa\u00e7\u00e3o ambiental em rela\u00e7\u00e3o \u00e0 fauna marinha, contando com o apoio do Instituto Biota\u201d, destaca o superintendente da Sudes, Gustavo Acioli Torres.<\/p>\n\n\n\n<p>A programa\u00e7\u00e3o da Ecof\u00e9rias tem in\u00edcio no pr\u00f3ximo domingo (12), a partir das 08h30, no Parque Municipal de Macei\u00f3. Situada no bairro de Bebedouro, a reserva ambiental administrada pela Sudes receber\u00e1 os participantes com trilha guiada musical, oficina de desenho e exposi\u00e7\u00e3o de ilustra\u00e7\u00f5es do est\u00fadio de solu\u00e7\u00f5es criativas Estampa Pop, contando ainda com brincadeiras l\u00fadicas e piquenique em fam\u00edlia. Coordenador dos parques e idealizador do projeto, F\u00e1bio Palmeira explica que toda a programa\u00e7\u00e3o \u00e9 aberta ao p\u00fablico.<\/p>\n\n\n\n<p>\u201cA cada ano que passa, buscamos sempre inovar na elabora\u00e7\u00e3o das atividades da Ecof\u00e9rias, uma iniciativa consolidada e de grande ades\u00e3o dos maceioenses. Para abrir a edi\u00e7\u00e3o de 2020, escolhemos o tema \u2018A Arte Invade o Parque\u2019, que leva \u00e0 reserva a exposi\u00e7\u00e3o de trabalhos de um grupo de ilustradores mobilizados pela est\u00fadio Estampa Pop, al\u00e9m de oficina para o p\u00fablico. Nossos monitores de educa\u00e7\u00e3o ambiental ir\u00e3o conduzir a trilha guiada com o acompanhamento de um saxofonista, teremos brincadeiras l\u00fadicas para as crian\u00e7as e encerraremos as atividades do dia com o nosso tradicional piquenique no Parque\u201d, detalhou o coordenador.<\/p>\n\n\n\n<p>Todas as atividades s\u00e3o gratuitas, para todas as idades, no entanto h\u00e1 dias em que ser\u00e1 necess\u00e1ria a realiza\u00e7\u00e3o de inscri\u00e7\u00e3o pr\u00e9via, visto que h\u00e1 uma limita\u00e7\u00e3o para 50 crian\u00e7as participantes.<\/p>\n\n\n\n<p>Confira a programa\u00e7\u00e3o completa:<\/p>\n\n\n\n<p><strong>Domingo, dia 12 de janeiro \u2013 Parque Municipal de Macei\u00f3 (Bebedouro)<\/strong><\/p>\n\n\n\n<p>A Arte Invade o Parque<\/p>\n\n\n\n<p>\u2013 Trilha Guiada Musical com saxofonista<\/p>\n\n\n\n<p>Concentra\u00e7\u00e3o: 08h30<\/p>\n\n\n\n<p>In\u00edcio da trilha: 09h<\/p>\n\n\n\n<p>\u2013 Exposi\u00e7\u00e3o e oficina com o est\u00fadio Estampa Pop<\/p>\n\n\n\n<p>Hor\u00e1rio: das 09h \u00e0s 12h<\/p>\n\n\n\n<p>\u2013 Brincadeiras l\u00fadicas e piquenique<\/p>\n\n\n\n<p>Hor\u00e1rio: das 09h \u00e0s 12h<\/p>\n\n\n\n<p><em><strong>N\u00e3o \u00e9 necess\u00e1rio realizar inscri\u00e7\u00e3o pr\u00e9via<\/strong><\/em><\/p>\n\n\n\n<p><strong>Quarta-feira, dia 15 de janeiro \u2013 Parque Municipal de Macei\u00f3 (Bebedouro)<\/strong><\/p>\n\n\n\n<p>EcoF\u00e9rias Pais &amp; Filhos<\/p>\n\n\n\n<p>Hor\u00e1rio: das 08h30 \u00e0s 12h<\/p>\n\n\n\n<p>Vagas: 50 inscritos<\/p>\n\n\n\n<p><em><strong>\u00c9 necess\u00e1rio realizar inscri\u00e7\u00e3o pr\u00e9via pelo link a partir de sexta-feira (10):&nbsp;<a href=\"https:\/\/forms.gle\/7VXvnXrswckFu8ha7\" target=\"_blank\" rel=\"noreferrer noopener\">https:\/\/forms.gle\/7VXvnXrswckFu8ha7<\/a><\/strong><\/em><\/p>\n\n\n\n<p>Faixa et\u00e1ria: crian\u00e7as entre 7 e 12 anos acompanhadas dos pais ou respons\u00e1veis<\/p>\n\n\n\n<p>Atividades: Brincadeiras l\u00fadicas, trilha, coleta divertida, quiz animal e muito mais!<\/p>\n\n\n\n<p>O que levar: Lanche, \u00e1gua, protetor solar, repelente e toalha para piquenique.<\/p>\n\n\n\n<p><strong>S\u00e1bado, dia 18 de janeiro \u2013 Parque do Horto (Gruta de Lourdes)<\/strong><\/p>\n\n\n\n<p>EcoF\u00e9rias Pais &amp; Filhos<\/p>\n\n\n\n<p>Hor\u00e1rio: das 08h30 \u00e0s 12h<\/p>\n\n\n\n<p>Vagas: 50 inscritos<\/p>\n\n\n\n<p><em><strong>\u00c9 necess\u00e1rio realizar inscri\u00e7\u00e3o pr\u00e9via pelo link:&nbsp;<a href=\"https:\/\/forms.gle\/TQPUx4KaCwXHWLqX8\" target=\"_blank\" rel=\"noreferrer noopener\">https:\/\/forms.gle\/TQPUx4KaCwXHWLqX8<\/a><\/strong><\/em><\/p>\n\n\n\n<p>Faixa et\u00e1ria: crian\u00e7as entre 7 e 12 anos acompanhadas dos pais ou respons\u00e1veis<\/p>\n\n\n\n<p>Atividades: Brincadeiras l\u00fadicas, trilha, coleta divertida, quiz animal e muito mais!<\/p>\n\n\n\n<p>O que levar: Lanche, \u00e1gua, protetor solar, repelente e toalha para piquenique.<\/p>\n\n\n\n<p><strong>Sexta-feira, dia 24 de janeiro \u2013 Praia de Ponta Verde<\/strong><\/p>\n\n\n\n<p>EcoF\u00e9rias Pais &amp; Filhos Praia<\/p>\n\n\n\n<p><strong>Local:<\/strong>&nbsp;Farol da Praia de Ponta Verde, atr\u00e1s do quiosque da Oplit<\/p>\n\n\n\n<p><strong>Vagas:<\/strong>&nbsp;50 inscritos<\/p>\n\n\n\n<p><em><strong>\u00c9 necess\u00e1rio realizar inscri\u00e7\u00e3o pr\u00e9via pelo link a partir de sexta-feira (10):&nbsp;<a href=\"https:\/\/forms.gle\/BDHUZchwBJHd8ugJ8\">https:\/\/forms.gle\/BDHUZchwBJHd8ugJ8<\/a><\/strong><\/em><\/p>\n\n\n\n<p>Faixa et\u00e1ria: Para todas as crian\u00e7as, sem restri\u00e7\u00f5es de idade, acompanhadas dos pais ou respons\u00e1 veis<\/p>\n\n\n\n<p>Atividades: Brincadeiras l\u00fadicas, educa\u00e7\u00e3o ambiental com o Instituto Biota sobre a Vida Marinha e atividades esportivas com a equipe da Secretaria Municipal de Turismo, Esporte e Lazer (Semtel).<\/p>\n\n\n\n<p>O que levar: Lanche, \u00e1gua, camisa com prote\u00e7\u00e3o UV, bon\u00e9, protetor solar e toalha.<\/p>\n\n\n\n<p><strong>S\u00e1bado, dia 25 de janeiro \u2013 Parque do Horto (Gruta)<\/strong><\/p>\n\n\n\n<p>A Arte Invade o Parque<\/p>\n\n\n\n<p><em>\u2013 Trekking kids \u2013 Ca\u00e7a ao Tesouro<\/em><\/p>\n\n\n\n<p>Concentra\u00e7\u00e3o: 08h30<\/p>\n\n\n\n<p>Sa\u00edda para o Trekkin: 09h<\/p>\n\n\n\n<p><em>\u2013 Exposi\u00e7\u00e3o e oficina com o est\u00fadio Estampa Pop<\/em><\/p>\n\n\n\n<p><em>\u2013&nbsp; Dance Parque \u2013 Aula de Dan\u00e7a<\/em><\/p>\n\n\n\n<p>Instrutores \u2013 Lara Wanderley, kianne Duarte e Arthur Duarte<\/p>\n\n\n\n<p>Hor\u00e1rio: 10h30 \u00e0s 11h30<\/p>\n\n\n\n<p>Apoio: F\u00edsico 10 Club<\/p>\n\n\n\n<p><em>\u2013 Oficina de Slackline<\/em><\/p>\n\n\n\n<p>Hor\u00e1rio: 09h \u00e0s 12h<\/p>\n\n\n\n<p>Apoio: School Line<\/p>\n\n\n\n<p><strong><em>N\u00e3o \u00e9 necess\u00e1ria inscri\u00e7\u00e3o pr\u00e9via<\/em><\/strong><\/p>\n\n\n\n<p>Lucas Alc\u00e2ntara\/ Ascom Sudes<\/p>\n","protected":false},"excerpt":{"rendered":"<p>J\u00e1 \u00e9 tradi\u00e7\u00e3o em Macei\u00f3: em janeiro tem programa\u00e7\u00e3o especial nos parques. O consolidado Projeto EcoF\u00e9rias \u00e9<\/p>\n","protected":false},"author":1,"featured_media":9951,"comment_status":"open","ping_status":"open","sticky":false,"template":"","format":"standard","meta":{"footnotes":""},"categories":[60],"tags":[],"class_list":["post-9950","post","type-post","status-publish","format-standard","has-post-thumbnail","hentry","category-capa"],"_links":{"self":[{"href":"https:\/\/4cantosalagoas.com.br\/portal\/wp-json\/wp\/v2\/posts\/9950","targetHints":{"allow":["GET"]}}],"collection":[{"href":"https:\/\/4cantosalagoas.com.br\/portal\/wp-json\/wp\/v2\/posts"}],"about":[{"href":"https:\/\/4cantosalagoas.com.br\/portal\/wp-json\/wp\/v2\/types\/post"}],"author":[{"embeddable":true,"href":"https:\/\/4cantosalagoas.com.br\/portal\/wp-json\/wp\/v2\/users\/1"}],"replies":[{"embeddable":true,"href":"https:\/\/4cantosalagoas.com.br\/portal\/wp-json\/wp\/v2\/comments?post=9950"}],"version-history":[{"count":1,"href":"https:\/\/4cantosalagoas.com.br\/portal\/wp-json\/wp\/v2\/posts\/9950\/revisions"}],"predecessor-version":[{"id":9952,"href":"https:\/\/4cantosalagoas.com.br\/portal\/wp-json\/wp\/v2\/posts\/9950\/revisions\/9952"}],"wp:featuredmedia":[{"embeddable":true,"href":"https:\/\/4cantosalagoas.com.br\/portal\/wp-json\/wp\/v2\/media\/9951"}],"wp:attachment":[{"href":"https:\/\/4cantosalagoas.com.br\/portal\/wp-json\/wp\/v2\/media?parent=9950"}],"wp:term":[{"taxonomy":"category","embeddable":true,"href":"https:\/\/4cantosalagoas.com.br\/portal\/wp-json\/wp\/v2\/categories?post=9950"},{"taxonomy":"post_tag","embeddable":true,"href":"https:\/\/4cantosalagoas.com.br\/portal\/wp-json\/wp\/v2\/tags?post=9950"}],"curies":[{"name":"wp","href":"https:\/\/api.w.org\/{rel}","templated":true}]}}