{"id":9925,"date":"2020-01-08T07:47:44","date_gmt":"2020-01-08T10:47:44","guid":{"rendered":"http:\/\/4cantosalagoas.com.br\/portal\/?p=9925"},"modified":"2020-01-08T07:47:54","modified_gmt":"2020-01-08T10:47:54","slug":"verao-2020-tera-programacao-agitada-em-maceio","status":"publish","type":"post","link":"https:\/\/4cantosalagoas.com.br\/portal\/verao-2020-tera-programacao-agitada-em-maceio\/","title":{"rendered":"Ver\u00e3o 2020 ter\u00e1 programa\u00e7\u00e3o agitada em Macei\u00f3"},"content":{"rendered":"\n<figure class=\"wp-block-image\"><img fetchpriority=\"high\" decoding=\"async\" width=\"1024\" height=\"684\" src=\"https:\/\/i0.wp.com\/4cantosalagoas.com.br\/portal\/wp-content\/uploads\/2020\/01\/Natal-dos-Folguedos-Cortejo-cultural-39-1024x684.jpg?fit=1024%2C684\" alt=\"\" class=\"wp-image-9926\" srcset=\"https:\/\/4cantosalagoas.com.br\/portal\/wp-content\/uploads\/2020\/01\/Natal-dos-Folguedos-Cortejo-cultural-39-1024x684.jpg 1024w, https:\/\/4cantosalagoas.com.br\/portal\/wp-content\/uploads\/2020\/01\/Natal-dos-Folguedos-Cortejo-cultural-39-1024x684-300x200.jpg 300w, https:\/\/4cantosalagoas.com.br\/portal\/wp-content\/uploads\/2020\/01\/Natal-dos-Folguedos-Cortejo-cultural-39-1024x684-768x513.jpg 768w\" sizes=\"(max-width: 1024px) 100vw, 1024px\" \/><figcaption> <br>Grupo Baque Alagoano, que participou do Natal dos Folguedos, deve ser uma das atra\u00e7\u00f5es da Batucada Liter\u00e1ria. Foto: \u00c1tila Vieira | Secom Macei\u00f3 <\/figcaption><\/figure>\n\n\n\n<p>Ap\u00f3s a repercuss\u00e3o da edi\u00e7\u00e3o mais recente do Natal dos Folguedos, que movimentou as festividades de fim de ano da capital, a Funda\u00e7\u00e3o Municipal de A\u00e7\u00e3o Cultural (FMAC) se prepara para uma agenda de atividades culturais a serem realizadas em diversas regi\u00f5es da cidade ao longo do ver\u00e3o.<\/p>\n\n\n\n<p>Uma das novidades deste ver\u00e3o \u00e9 a Batucada Liter\u00e1ria. O evento ser\u00e1 realizado nos dias 17 e 18 de janeiro, no tradicional bairro do Jaragu\u00e1, por meio de uma parceria entre a FMAC e a Universidade Federal de Alagoas (Ufal).<\/p>\n\n\n\n<p>Segundo o gestor da Funda\u00e7\u00e3o, Vinicius Palmeira, al\u00e9m de aquecer o ver\u00e3o de Macei\u00f3, o evento tem o intuito de valorizar o Jaragu\u00e1 atrav\u00e9s de atividades que movimentam o bairro, atraindo maceioenses e turistas.<\/p>\n\n\n\n<p>\u201cIremos aquecer o ver\u00e3o da nossa cidade com a Batucada Liter\u00e1ria, que ir\u00e1 promover na Rua S\u00e1 e Albuquerque diversas atividades culturais e liter\u00e1rias, relembrando um pouco a nona Bienal do Livro e o Natal dos Folguedos, que foi t\u00e3o bem sucedido quanto a Bienal\u201d, contou.<\/p>\n\n\n\n<p>O Xang\u00f4 Rezado Alto, previsto para o dia 31 de janeiro, dar\u00e1 continuidade \u00e0 programa\u00e7\u00e3o. O evento, que j\u00e1 teve oito edi\u00e7\u00f5es consecutivas, al\u00e9m de promover espa\u00e7os de conscientiza\u00e7\u00e3o a respeito da intoler\u00e2ncia religiosa, celebra a cultura afro-brasileira atrav\u00e9s de apresenta\u00e7\u00f5es art\u00edsticas.<\/p>\n\n\n\n<p>A nona edi\u00e7\u00e3o do Xang\u00f4 Rezado Alto antecede as tradicionais pr\u00e9vias carnavalescas, que neste ano ir\u00e3o acontecer nos 14, 15 e 16 de fevereiro, quando dezenas de blocos carnavalescos ir\u00e3o desfilar no Jaragu\u00e1 Folia e na orla mar\u00edtima. Segundo o diretor de Produ\u00e7\u00e3o Cultural da FMAC, Keyler Sim\u00f5es, al\u00e9m de lan\u00e7ar edital de ajuda de custo para blocos, a Funda\u00e7\u00e3o ir\u00e1 viabilizar parte da estrutura das pr\u00e9vias.<\/p>\n\n\n\n<p>\u201cDisponibilizaremos pontos de apoio para os trabalhos que ser\u00e3o desenvolvidos pelas equipes da Pol\u00edcia Militar de Alagoas, Pol\u00edcia Civil, Secretaria de Seguran\u00e7a Comunit\u00e1ria e Conv\u00edvio Social e Vigil\u00e2ncia Sanit\u00e1ria de Macei\u00f3, durante as pr\u00e9vias carnavalescas. Tamb\u00e9m ser\u00e1 responsabilidade da Funda\u00e7\u00e3o a disponibiliza\u00e7\u00e3o de banheiros qu\u00edmicos\u201d, informou o diretor.<\/p>\n\n\n\n<p>E a agenda cultural do ver\u00e3o de Macei\u00f3 ser\u00e1 encerrada com a programa\u00e7\u00e3o descentralizada do Carnaval de Macei\u00f3, que acontece em pelo menos oito polos nos dias 22, 23, 24 e 25 de fevereiro.<\/p>\n\n\n\n<p>Robson Muller\/ Ascom FMAC<\/p>\n","protected":false},"excerpt":{"rendered":"<p>Ap\u00f3s a repercuss\u00e3o da edi\u00e7\u00e3o mais recente do Natal dos Folguedos, que movimentou as festividades de fim<\/p>\n","protected":false},"author":1,"featured_media":9926,"comment_status":"open","ping_status":"open","sticky":false,"template":"","format":"standard","meta":{"footnotes":""},"categories":[5],"tags":[],"class_list":["post-9925","post","type-post","status-publish","format-standard","has-post-thumbnail","hentry","category-maceio"],"_links":{"self":[{"href":"https:\/\/4cantosalagoas.com.br\/portal\/wp-json\/wp\/v2\/posts\/9925","targetHints":{"allow":["GET"]}}],"collection":[{"href":"https:\/\/4cantosalagoas.com.br\/portal\/wp-json\/wp\/v2\/posts"}],"about":[{"href":"https:\/\/4cantosalagoas.com.br\/portal\/wp-json\/wp\/v2\/types\/post"}],"author":[{"embeddable":true,"href":"https:\/\/4cantosalagoas.com.br\/portal\/wp-json\/wp\/v2\/users\/1"}],"replies":[{"embeddable":true,"href":"https:\/\/4cantosalagoas.com.br\/portal\/wp-json\/wp\/v2\/comments?post=9925"}],"version-history":[{"count":1,"href":"https:\/\/4cantosalagoas.com.br\/portal\/wp-json\/wp\/v2\/posts\/9925\/revisions"}],"predecessor-version":[{"id":9927,"href":"https:\/\/4cantosalagoas.com.br\/portal\/wp-json\/wp\/v2\/posts\/9925\/revisions\/9927"}],"wp:featuredmedia":[{"embeddable":true,"href":"https:\/\/4cantosalagoas.com.br\/portal\/wp-json\/wp\/v2\/media\/9926"}],"wp:attachment":[{"href":"https:\/\/4cantosalagoas.com.br\/portal\/wp-json\/wp\/v2\/media?parent=9925"}],"wp:term":[{"taxonomy":"category","embeddable":true,"href":"https:\/\/4cantosalagoas.com.br\/portal\/wp-json\/wp\/v2\/categories?post=9925"},{"taxonomy":"post_tag","embeddable":true,"href":"https:\/\/4cantosalagoas.com.br\/portal\/wp-json\/wp\/v2\/tags?post=9925"}],"curies":[{"name":"wp","href":"https:\/\/api.w.org\/{rel}","templated":true}]}}