{"id":9735,"date":"2019-12-17T12:32:22","date_gmt":"2019-12-17T15:32:22","guid":{"rendered":"http:\/\/4cantosalagoas.com.br\/portal\/?p=9735"},"modified":"2019-12-17T12:32:33","modified_gmt":"2019-12-17T15:32:33","slug":"financiamento-coletivo-queima-de-fogos-lagoa-mundau-o-movimento-dos-povos-das-lagoas-conta-com-sua-contribuicao","status":"publish","type":"post","link":"https:\/\/4cantosalagoas.com.br\/portal\/financiamento-coletivo-queima-de-fogos-lagoa-mundau-o-movimento-dos-povos-das-lagoas-conta-com-sua-contribuicao\/","title":{"rendered":"Financiamento Coletivo Queima de Fogos Lagoa Munda\u00fa &#8211; O Movimento dos Povos das Lagoas conta com sua contribui\u00e7\u00e3o"},"content":{"rendered":"\n<figure class=\"wp-block-image\"><img fetchpriority=\"high\" decoding=\"async\" width=\"901\" height=\"673\" src=\"http:\/\/4cantosalagoas.com.br\/portal\/wp-content\/uploads\/2019\/12\/fogos.jpg\" alt=\"\" class=\"wp-image-9736\" srcset=\"https:\/\/4cantosalagoas.com.br\/portal\/wp-content\/uploads\/2019\/12\/fogos.jpg 901w, https:\/\/4cantosalagoas.com.br\/portal\/wp-content\/uploads\/2019\/12\/fogos-300x224.jpg 300w, https:\/\/4cantosalagoas.com.br\/portal\/wp-content\/uploads\/2019\/12\/fogos-768x574.jpg 768w\" sizes=\"(max-width: 901px) 100vw, 901px\" \/><figcaption>Divulga\u00e7\u00e3o<\/figcaption><\/figure>\n\n\n\n<p>\u00c9 final de ano e a regi\u00e3o lagunar de Macei\u00f3, como toda a cidade, se prepara para os festejos de Natal e R\u00e9veillon. No entanto, ao contr\u00e1rio de outros lugares como a orla mar\u00edtima, n\u00e3o h\u00e1 luzes de Natal nem queima de fogos para a popula\u00e7\u00e3o da lagoa. O Movimento dos Povos das Lagoas acredita no poder da colabora\u00e7\u00e3o e da coletividade para transformar realidades e estabelecer novas tradi\u00e7\u00f5es e simbolismos na Munda\u00fa.<\/p>\n\n\n\n<p>Na virada de 2018 para 2019 realizamos a primeira queima de fogos da hist\u00f3ria de Macei\u00f3 dentro da lagoa Munda\u00fa e queremos repetir esse feito para a virada de 2019 e 2020. E n\u00e3o s\u00f3. H\u00e1 5 anos nossos integrantes e parceiros, dentro e fora do Movimento, discutem a falta de ilumina\u00e7\u00e3o decorativa na orla lagunar nos eventos de final de ano, colocando diversos of\u00edcios junto ao poder p\u00fablico. Mais uma vez n\u00e3o tivemos respostas em 2019, mas nesse ano temos a m\u00eddia aderindo ao nosso apelo e queremos mostrar que \u00e9 poss\u00edvel sim inserir a lagoa na rota e no calend\u00e1rio das festas de Macei\u00f3.<\/p>\n\n\n\n<p>Para isso queremos contar com o seu apoio. Os valores arrecadados servir\u00e3o para bancar os fogos, um profissional de seguran\u00e7a e decora\u00e7\u00e3o localizada no entorno do evento. Mas sabemos que podemos e devemos sonhar mais alto, para espalhar luzes natalinas e do&nbsp;R\u00e9veillon nas v\u00e1rias localidades da beira da lagoa e levar atra\u00e7\u00f5es culturais para v\u00e1rios pontos da regi\u00e3o.<\/p>\n\n\n\n<p>H\u00e1 cerca de 1 ano tivemos relatos incr\u00edveis, de pessoas que disseram que nunca na vida haviam assistido a uma queima de fogos, que podiam morrer de tanta felicidade! Pra n\u00f3s foi algo muito impactante.&nbsp;Dessa vez queremos fazer muito mais! Vem com gente somar nessa conquista de cidadania atrav\u00e9s da cultura, vem com a gente transformar a regi\u00e3o lagunar de Macei\u00f3!<\/p>\n\n\n\n<p>Contribua e receba recompensas diversas!<\/p>\n\n\n\n<p>Link da campanha:&nbsp;<a href=\"https:\/\/www.kickante.com.br\/campanhas\/queima-fogos-na-lagoa-mundau\" target=\"_blank\" rel=\"noreferrer noopener\">https:\/\/www.kickante.com.br\/campanhas\/queima-fogos-na-lagoa-mundau<\/a><\/p>\n\n\n\n<p>Acessem nossa Fan&nbsp;&nbsp;Page:&nbsp;<a href=\"https:\/\/www.facebook.com\/movimentodospovosdaslagoas\/\" target=\"_blank\" rel=\"noreferrer noopener\">https:\/\/www.facebook.com\/movimentodospovosdaslagoas\/<\/a><\/p>\n","protected":false},"excerpt":{"rendered":"<p>\u00c9 final de ano e a regi\u00e3o lagunar de Macei\u00f3, como toda a cidade, se prepara para<\/p>\n","protected":false},"author":1,"featured_media":9736,"comment_status":"open","ping_status":"open","sticky":false,"template":"","format":"standard","meta":{"footnotes":""},"categories":[60],"tags":[],"class_list":["post-9735","post","type-post","status-publish","format-standard","has-post-thumbnail","hentry","category-capa"],"_links":{"self":[{"href":"https:\/\/4cantosalagoas.com.br\/portal\/wp-json\/wp\/v2\/posts\/9735","targetHints":{"allow":["GET"]}}],"collection":[{"href":"https:\/\/4cantosalagoas.com.br\/portal\/wp-json\/wp\/v2\/posts"}],"about":[{"href":"https:\/\/4cantosalagoas.com.br\/portal\/wp-json\/wp\/v2\/types\/post"}],"author":[{"embeddable":true,"href":"https:\/\/4cantosalagoas.com.br\/portal\/wp-json\/wp\/v2\/users\/1"}],"replies":[{"embeddable":true,"href":"https:\/\/4cantosalagoas.com.br\/portal\/wp-json\/wp\/v2\/comments?post=9735"}],"version-history":[{"count":1,"href":"https:\/\/4cantosalagoas.com.br\/portal\/wp-json\/wp\/v2\/posts\/9735\/revisions"}],"predecessor-version":[{"id":9737,"href":"https:\/\/4cantosalagoas.com.br\/portal\/wp-json\/wp\/v2\/posts\/9735\/revisions\/9737"}],"wp:featuredmedia":[{"embeddable":true,"href":"https:\/\/4cantosalagoas.com.br\/portal\/wp-json\/wp\/v2\/media\/9736"}],"wp:attachment":[{"href":"https:\/\/4cantosalagoas.com.br\/portal\/wp-json\/wp\/v2\/media?parent=9735"}],"wp:term":[{"taxonomy":"category","embeddable":true,"href":"https:\/\/4cantosalagoas.com.br\/portal\/wp-json\/wp\/v2\/categories?post=9735"},{"taxonomy":"post_tag","embeddable":true,"href":"https:\/\/4cantosalagoas.com.br\/portal\/wp-json\/wp\/v2\/tags?post=9735"}],"curies":[{"name":"wp","href":"https:\/\/api.w.org\/{rel}","templated":true}]}}