{"id":9723,"date":"2019-12-16T18:52:55","date_gmt":"2019-12-16T21:52:55","guid":{"rendered":"http:\/\/4cantosalagoas.com.br\/portal\/?p=9723"},"modified":"2019-12-16T18:53:06","modified_gmt":"2019-12-16T21:53:06","slug":"caso-danilo-corregedoria-da-pc-e-mp-confirmam-que-nunca-houve-tortura","status":"publish","type":"post","link":"https:\/\/4cantosalagoas.com.br\/portal\/caso-danilo-corregedoria-da-pc-e-mp-confirmam-que-nunca-houve-tortura\/","title":{"rendered":"Caso Danilo: Corregedoria da PC e MP confirmam que nunca houve tortura"},"content":{"rendered":"\n<figure class=\"wp-block-image\"><img fetchpriority=\"high\" decoding=\"async\" width=\"1024\" height=\"1024\" src=\"http:\/\/4cantosalagoas.com.br\/portal\/wp-content\/uploads\/2019\/12\/ayaya.jpeg\" alt=\"\" class=\"wp-image-9724\" srcset=\"https:\/\/4cantosalagoas.com.br\/portal\/wp-content\/uploads\/2019\/12\/ayaya.jpeg 1024w, https:\/\/4cantosalagoas.com.br\/portal\/wp-content\/uploads\/2019\/12\/ayaya-150x150.jpeg 150w, https:\/\/4cantosalagoas.com.br\/portal\/wp-content\/uploads\/2019\/12\/ayaya-300x300.jpeg 300w, https:\/\/4cantosalagoas.com.br\/portal\/wp-content\/uploads\/2019\/12\/ayaya-768x768.jpeg 768w\" sizes=\"(max-width: 1024px) 100vw, 1024px\" \/><figcaption> <br><em>Delegados Bruno Em\u00edlio e F\u00e1bio Costa (Foto: ASCOM\/PC)<\/em> <\/figcaption><\/figure>\n\n\n\n<p>As investiga\u00e7\u00f5es da Corregedoria da Pol\u00edcia Civil e do Minist\u00e9rio P\u00fablico Estadual (MPE), por meio do Controle Externo da Atividade Policial, foram conclu\u00eddas e confirmaram que as den\u00fancias de acusa\u00e7\u00f5es de torturas supostamente sofridas pela m\u00e3e e pelo padrasto do garoto Danilo Almeida, de sete anos, nunca aconteceram, e foram inventadas por ambos, como sempre disseram os delegados v\u00edtimas dos informes infundados.<\/p>\n\n\n\n<p>Ap\u00f3s as apura\u00e7\u00f5es, o Minist\u00e9rio P\u00fablico do Estado de Alagoas (MPE\/AL) decidiu arquivar a den\u00fancia&nbsp;feita pela m\u00e3e Dacin\u00e9ia Carlos de Almeida e padrasto&nbsp;do menino Danilo Almeida,&nbsp;Jos\u00e9 Roberto Morais,&nbsp;de que haviam sofrido tortura por parte da Pol\u00edcia Civil, inclusive dos delegados que investigavam o caso. Segundo o MP, o pr\u00f3prio casal negou&nbsp;a exist\u00eancia de&nbsp;tortura psicol\u00f3gica.&nbsp;O menino Danilo foi morto a cerca de dois meses no bairro Clima Bom, na parte alta de Macei\u00f3.<\/p>\n\n\n\n<p>Segundo o promotor de Justi\u00e7a, Magno Alexandre, a m\u00e3e de Danilo foi ouvida pelo MP e negou \u201cperemptoriamente\u201d, que tenha sofrido qualquer tipo de tortura. Ela teria relatado que estava sob efeito de rem\u00e9dios quando fez a acusa\u00e7\u00e3o.<\/p>\n\n\n\n<p>O promotor disse tamb\u00e9m que o padrasto do menino, Jos\u00e9 Roberto, que est\u00e1 preso, acusado de estupro e c\u00e1rcere privado contra sua ex-companheira e uma enteada, em Arapiraca, tamb\u00e9m negou a exist\u00eancia de tortura ou abuso.<\/p>\n\n\n\n<p>O representante do MP reconheceu que os delegados F\u00e1bio Costa e Bruno Em\u00edlio foram acusados injustamente, pois a den\u00fancia nunca se comprovou, e que n\u00e3o havia motiva\u00e7\u00e3o para instaura\u00e7\u00e3o de nenhum procedimento contra os dois.<\/p>\n\n\n\n<p>A Corregedoria Geral da Pol\u00edcia Civil tamb\u00e9m decidiu arquivar o procedimento instaurado para apurar a den\u00fancia de tortura feita por&nbsp;Dacin\u00e9ia Almeida, em outubro.<\/p>\n\n\n\n<p>Em seu relat\u00f3rio, o corregedor Aydes Ponciano informa que, ao ser ouvida, a m\u00e3e de Danilo disse que \u201cap\u00f3s o crime (morte de Daniel), o seu ex-companheiro passou a ficar mais agressivo, e que a Pol\u00edcia Civil est\u00e1 corretamente desempenhando seu papel na busca do assassino de seu filho\u201d.<\/p>\n\n\n\n<p>Dacin\u00e9ia disse ainda, em seu depoimento, que n\u00e3o tem nada a reclamar a respeito da atitude da Pol\u00edcia Civil e de seus integrantes. Acrescentou que \u201cap\u00f3s tudo que j\u00e1 passou, acredita hoje que o autor do homic\u00eddio de Danilo \u00e9 seu ex-companheiro Roberto, o qual j\u00e1 era agressivo e violento com os seus filhos, principalmente com o Danilo, que sempre foi perseguido pelo padrasto\u201d.<\/p>\n\n\n\n<p>A m\u00e3e de Danilo narrou ainda que, ao ser ouvida, que \u201ccerca de seis meses atr\u00e1s presenciou Jos\u00e9 Roberto tentando asfixiar o Daniel (seu outro filho) na cama, e por conta da interven\u00e7\u00e3o dela o seu ex-companheiro n\u00e3o o matou, acreditando que Jos\u00e9 Roberto \u00e9 um psicopata e n\u00e3o demonstrou nenhuma dor ou pesar com a morte do Danilo, e hoje teme pela sua vida e de seus filhos.<\/p>\n\n\n\n<p>O corregedor relata que tomou o depoimento de Jos\u00e9 Roberto, na 62\u00aa Promotoria&nbsp;de Justi\u00e7a da Capital, na presen\u00e7a do promotor Magno Alexandre e do defensor p\u00fablico Marcelo Barbosa Arantes, chefe do N\u00facleo Criminal da Defensoria P\u00fablica do Estado (DPE). Na ocasi\u00e3o, o padrasto de Danilo negou que tenha sofrido qualquer tipo de agress\u00e3o, f\u00edsica ou psicol\u00f3gica por parte dos policiais civis. \u201cO mesmo afirmou n\u00e3o ter sido maltratado e nem amea\u00e7ado\u201d, diz o corregedor.<\/p>\n\n\n\n<p>Aydes Ponciano conclui, em seu relat\u00f3rio, que a investiga\u00e7\u00e3o preliminar contatou que Jos\u00e9 Roberto teria ministrado drogas \u00e0 m\u00e3e da v\u00edtima (Danilo) e certamente usou de manipula\u00e7\u00e3o ps\u00edquica e emocional com o intuito de mudar o rumo das&nbsp;investiga\u00e7\u00f5es sobre a morte de Danilo realizadas pela Pol\u00edcia Civil.<\/p>\n\n\n\n<p>O corregedor sugere ainda \u00e0 Delegacia Geralda Pol\u00edcia Civil a abertura de inqu\u00e9rito contra Dacin\u00e9ia e Jos\u00e9 Roberto pelo crime de denuncia\u00e7\u00e3o caluniosa, tendo em vista os fatos constantes na investiga\u00e7\u00e3o preliminar.<\/p>\n\n\n\n<p>Assessoria<\/p>\n","protected":false},"excerpt":{"rendered":"<p>As investiga\u00e7\u00f5es da Corregedoria da Pol\u00edcia Civil e do Minist\u00e9rio P\u00fablico Estadual (MPE), por meio do Controle<\/p>\n","protected":false},"author":1,"featured_media":9724,"comment_status":"open","ping_status":"open","sticky":false,"template":"","format":"standard","meta":{"footnotes":""},"categories":[60],"tags":[],"class_list":["post-9723","post","type-post","status-publish","format-standard","has-post-thumbnail","hentry","category-capa"],"_links":{"self":[{"href":"https:\/\/4cantosalagoas.com.br\/portal\/wp-json\/wp\/v2\/posts\/9723","targetHints":{"allow":["GET"]}}],"collection":[{"href":"https:\/\/4cantosalagoas.com.br\/portal\/wp-json\/wp\/v2\/posts"}],"about":[{"href":"https:\/\/4cantosalagoas.com.br\/portal\/wp-json\/wp\/v2\/types\/post"}],"author":[{"embeddable":true,"href":"https:\/\/4cantosalagoas.com.br\/portal\/wp-json\/wp\/v2\/users\/1"}],"replies":[{"embeddable":true,"href":"https:\/\/4cantosalagoas.com.br\/portal\/wp-json\/wp\/v2\/comments?post=9723"}],"version-history":[{"count":1,"href":"https:\/\/4cantosalagoas.com.br\/portal\/wp-json\/wp\/v2\/posts\/9723\/revisions"}],"predecessor-version":[{"id":9725,"href":"https:\/\/4cantosalagoas.com.br\/portal\/wp-json\/wp\/v2\/posts\/9723\/revisions\/9725"}],"wp:featuredmedia":[{"embeddable":true,"href":"https:\/\/4cantosalagoas.com.br\/portal\/wp-json\/wp\/v2\/media\/9724"}],"wp:attachment":[{"href":"https:\/\/4cantosalagoas.com.br\/portal\/wp-json\/wp\/v2\/media?parent=9723"}],"wp:term":[{"taxonomy":"category","embeddable":true,"href":"https:\/\/4cantosalagoas.com.br\/portal\/wp-json\/wp\/v2\/categories?post=9723"},{"taxonomy":"post_tag","embeddable":true,"href":"https:\/\/4cantosalagoas.com.br\/portal\/wp-json\/wp\/v2\/tags?post=9723"}],"curies":[{"name":"wp","href":"https:\/\/api.w.org\/{rel}","templated":true}]}}