{"id":9718,"date":"2019-12-16T07:47:09","date_gmt":"2019-12-16T10:47:09","guid":{"rendered":"http:\/\/4cantosalagoas.com.br\/portal\/?p=9718"},"modified":"2019-12-16T07:47:19","modified_gmt":"2019-12-16T10:47:19","slug":"rui-palmeira-nao-fara-reforma-da-previdencia-ate-pec-tramitar-no-congresso","status":"publish","type":"post","link":"https:\/\/4cantosalagoas.com.br\/portal\/rui-palmeira-nao-fara-reforma-da-previdencia-ate-pec-tramitar-no-congresso\/","title":{"rendered":"Rui Palmeira n\u00e3o far\u00e1 reforma da previd\u00eancia at\u00e9 PEC tramitar no Congresso"},"content":{"rendered":"\n<figure class=\"wp-block-image\"><img fetchpriority=\"high\" decoding=\"async\" width=\"1024\" height=\"683\" src=\"http:\/\/4cantosalagoas.com.br\/portal\/wp-content\/uploads\/2019\/07\/2009-Fachada-Prefeitura-PF-0012-1024x683-1024x683.jpg\" alt=\"\" class=\"wp-image-7885\" srcset=\"https:\/\/4cantosalagoas.com.br\/portal\/wp-content\/uploads\/2019\/07\/2009-Fachada-Prefeitura-PF-0012-1024x683.jpg 1024w, https:\/\/4cantosalagoas.com.br\/portal\/wp-content\/uploads\/2019\/07\/2009-Fachada-Prefeitura-PF-0012-1024x683-300x200.jpg 300w, https:\/\/4cantosalagoas.com.br\/portal\/wp-content\/uploads\/2019\/07\/2009-Fachada-Prefeitura-PF-0012-1024x683-768x512.jpg 768w\" sizes=\"(max-width: 1024px) 100vw, 1024px\" \/><figcaption>Sede da Prefeitura de Macei\u00f3. Foto: Pei Fon \/ Secom Macei\u00f3<\/figcaption><\/figure>\n\n\n\n<p>O prefeito Rui Palmeira decidiu que n\u00e3o far\u00e1 a reforma da previd\u00eancia no Munic\u00edpio, at\u00e9 que haja a tramita\u00e7\u00e3o da Proposta de Emenda Constitucional (PEC) paralela no Congresso Nacional. Deste modo, a regra atual de contribui\u00e7\u00e3o e de idade m\u00ednima n\u00e3o ser\u00e1 alterada. Aposentados e pensionistas que recebem acima de 1 sal\u00e1rio m\u00ednimo at\u00e9 o teto do INSS, cujo valor \u00e9 de R$ 5.839,45, n\u00e3o ser\u00e3o taxados.<\/p>\n\n\n\n<p>Por\u00e9m, para cumprir a obrigatoriedade constitucional e garantir que Macei\u00f3 n\u00e3o sofra bloqueios de repasses de recursos federais, o Munic\u00edpio ter\u00e1 que implantar as altera\u00e7\u00f5es impostas pela Emenda Constitucional 103\/2019 e reajustar de 11% para 14% a al\u00edquota de contribui\u00e7\u00e3o dos servidores, bem como dos aposentados e pensionistas que recebem acima do teto do INSS.<\/p>\n\n\n\n<p>\u201c\u00c9 importante destacar que a adequa\u00e7\u00e3o proposta pelo PL que encaminharemos futuramente \u00e0 C\u00e2mara \u00e9 condi\u00e7\u00e3o necess\u00e1ria \u00e0 regulamenta\u00e7\u00e3o dos sistemas de previd\u00eancia. O prefeito Rui Palmeira n\u00e3o ir\u00e1, neste momento, alterar as regras de aposentadoria dos servidores municipais, nem a idade m\u00ednima. Macei\u00f3 ir\u00e1 aguardar a PEC Paralela em tramita\u00e7\u00e3o no Congresso Nacional e que engloba Estados e Munic\u00edpios\u201d, informa a diretora-presidente do Instituto de Previd\u00eancia dos Servidores Municipais (Iprev), Fabiana Toledo.<\/p>\n\n\n\n<p>A gestora explica que, ap\u00f3s a tramita\u00e7\u00e3o da PEC, ser\u00e3o realizados estudos t\u00e9cnicos para avaliar as adequa\u00e7\u00f5es necess\u00e1rias para manter o equil\u00edbrio da Previd\u00eancia municipal. O Instituto de Previd\u00eancia discutir\u00e1 o assunto com representantes dos sindicatos de servidores municipais na manh\u00e3 desta segunda-feira (16), em reuni\u00e3o na sede do Iprev.<\/p>\n\n\n\n<p>Ap\u00f3s a aprova\u00e7\u00e3o da emenda, os munic\u00edpios brasileiros devem adequar sua legisla\u00e7\u00e3o em pontos que envolvem servidores p\u00fablicos, aposentados e pensionistas. A n\u00e3o adequa\u00e7\u00e3o resulta em irregularidade previdenci\u00e1ria, o que implica, consequentemente, o impedimento do munic\u00edpio em receber recursos federais de car\u00e1ter facultativo, como os provenientes de conv\u00eanios e compensa\u00e7\u00e3o previdenci\u00e1ria.<\/p>\n\n\n\n<p>Secom Macei\u00f3<\/p>\n","protected":false},"excerpt":{"rendered":"<p>O prefeito Rui Palmeira decidiu que n\u00e3o far\u00e1 a reforma da previd\u00eancia no Munic\u00edpio, at\u00e9 que haja<\/p>\n","protected":false},"author":1,"featured_media":7885,"comment_status":"open","ping_status":"open","sticky":false,"template":"","format":"standard","meta":{"footnotes":""},"categories":[60],"tags":[],"class_list":["post-9718","post","type-post","status-publish","format-standard","has-post-thumbnail","hentry","category-capa"],"_links":{"self":[{"href":"https:\/\/4cantosalagoas.com.br\/portal\/wp-json\/wp\/v2\/posts\/9718","targetHints":{"allow":["GET"]}}],"collection":[{"href":"https:\/\/4cantosalagoas.com.br\/portal\/wp-json\/wp\/v2\/posts"}],"about":[{"href":"https:\/\/4cantosalagoas.com.br\/portal\/wp-json\/wp\/v2\/types\/post"}],"author":[{"embeddable":true,"href":"https:\/\/4cantosalagoas.com.br\/portal\/wp-json\/wp\/v2\/users\/1"}],"replies":[{"embeddable":true,"href":"https:\/\/4cantosalagoas.com.br\/portal\/wp-json\/wp\/v2\/comments?post=9718"}],"version-history":[{"count":1,"href":"https:\/\/4cantosalagoas.com.br\/portal\/wp-json\/wp\/v2\/posts\/9718\/revisions"}],"predecessor-version":[{"id":9719,"href":"https:\/\/4cantosalagoas.com.br\/portal\/wp-json\/wp\/v2\/posts\/9718\/revisions\/9719"}],"wp:featuredmedia":[{"embeddable":true,"href":"https:\/\/4cantosalagoas.com.br\/portal\/wp-json\/wp\/v2\/media\/7885"}],"wp:attachment":[{"href":"https:\/\/4cantosalagoas.com.br\/portal\/wp-json\/wp\/v2\/media?parent=9718"}],"wp:term":[{"taxonomy":"category","embeddable":true,"href":"https:\/\/4cantosalagoas.com.br\/portal\/wp-json\/wp\/v2\/categories?post=9718"},{"taxonomy":"post_tag","embeddable":true,"href":"https:\/\/4cantosalagoas.com.br\/portal\/wp-json\/wp\/v2\/tags?post=9718"}],"curies":[{"name":"wp","href":"https:\/\/api.w.org\/{rel}","templated":true}]}}