{"id":9592,"date":"2019-12-06T07:09:39","date_gmt":"2019-12-06T10:09:39","guid":{"rendered":"http:\/\/4cantosalagoas.com.br\/portal\/?p=9592"},"modified":"2019-12-06T07:09:48","modified_gmt":"2019-12-06T10:09:48","slug":"arte-cultura-e-decoracao-natalina-veja-a-programacao-completa-do-natal-na-avenida-da-paz","status":"publish","type":"post","link":"https:\/\/4cantosalagoas.com.br\/portal\/arte-cultura-e-decoracao-natalina-veja-a-programacao-completa-do-natal-na-avenida-da-paz\/","title":{"rendered":"Arte, cultura e decora\u00e7\u00e3o natalina: Veja a programa\u00e7\u00e3o completa do Natal na Avenida da Paz"},"content":{"rendered":"\n<figure class=\"wp-block-image\"><img fetchpriority=\"high\" decoding=\"async\" width=\"768\" height=\"512\" src=\"http:\/\/4cantosalagoas.com.br\/portal\/wp-content\/uploads\/2019\/12\/raprs.jpg\" alt=\"\" class=\"wp-image-9593\" srcset=\"https:\/\/4cantosalagoas.com.br\/portal\/wp-content\/uploads\/2019\/12\/raprs.jpg 768w, https:\/\/4cantosalagoas.com.br\/portal\/wp-content\/uploads\/2019\/12\/raprs-300x200.jpg 300w\" sizes=\"(max-width: 768px) 100vw, 768px\" \/><figcaption>Reprodu\u00e7\u00e3o<\/figcaption><\/figure>\n\n\n\n<p>Mais uma vez, o Natal transforma a paisagem da orla de Macei\u00f3. A partir de 06 de dezembro, o projeto \u201cNatal na Avenida Paz\u201d celebra as festas com arte, cultura e decora\u00e7\u00e3o natalina. Os s\u00edmbolos universais do Natal ganham o refor\u00e7o da criatividade de artistas alagoanos: dez \u00e1rvores especialmente criadas transformam a avenida em festa. Grupos musicais populares e cl\u00e1ssicos, bal\u00e9, corais e trio el\u00e9trico est\u00e3o na programa\u00e7\u00e3o. O patroc\u00ednio \u00e9 do Magazine Luiza que, atrav\u00e9s da Lei de Incentivo \u00e0 Cultura e do Minist\u00e9rio da Cidadania, pela segunda vez, enfeita e presenteia a cidade. A programa\u00e7\u00e3o segue at\u00e9 5 de janeiro.<\/p>\n\n\n\n<p>\u201cO Natal brasileiro \u00e9 feito de misturas: cada casa tem seus costumes, ritmos e tradi\u00e7\u00f5es\u201d, diz F\u00e1bio Costa, respons\u00e1vel pela \u00e1rea de patroc\u00ednios do Magazine Luiza. \u201cEssa diversidade foi a inspira\u00e7\u00e3o para valorizar a criatividade dos alagoanos. A marca foi ao cora\u00e7\u00e3o de Alagoas celebrar com a comunidade\u201d. Dois outros artistas far\u00e3o a ilumina\u00e7\u00e3o dos postes e do coreto.<\/p>\n\n\n\n<p>Al\u00e9m de beleza, celebra\u00e7\u00e3o e cultura, o Natal na Avenida Paz 2019 promove a inclus\u00e3o. \u201cArte e alegria trazem novos significados \u00e0 cidade\u201d, explica Mirna Porto, idealizadora do projeto e curadora. \u201cEsse \u00e9 um bel\u00edssimo trecho da orla e os eventos se traduzem nesse la\u00e7o social t\u00e3o importante\u201d. Todas as atra\u00e7\u00f5es s\u00e3o abertas ao p\u00fablico e gratuitas.<\/p>\n\n\n\n<p>NOVIDADES E ATRA\u00c7\u00d5ES<\/p>\n\n\n\n<p>Ampliando o sucesso da edi\u00e7\u00e3o 2018, a edi\u00e7\u00e3o desse ano envolve mais de 400 profissionais numa verdadeira maratona de atra\u00e7\u00f5es. O Museu Th\u00e9o Brand\u00e3o de Antropologia e Folclore (MTB) se transforma em grande palco para a festa natalina. O espa\u00e7o, que teve sua pintura renovada com o apoio Cultural da Ibratin, vai receber uma exposi\u00e7\u00e3o com o acervo pessoal do fot\u00f3grafo, cineasta e colecionador alagoano Celso Brand\u00e3o.<\/p>\n\n\n\n<p>Dentre os eventos programados, destaque para o trio el\u00e9trico natalino com Wilma Ara\u00fajo, banda e as crian\u00e7as do Coral Lar S\u00e3o Domingos, no dia 21 de dezembro, domingo anterior ao Natal. Os artistas saem da Vila dos Pescadores e chegam \u00e0 Pra\u00e7a Marc\u00edlio Dias, onde ser\u00e3o recepcionados por Papai Noel e uma festa de folguedos populares.<\/p>\n\n\n\n<p><strong>Veja a programa\u00e7\u00e3o completa do Natal na Avenida da Paz \u2013 Edi\u00e7\u00e3o 2019:<\/strong><\/p>\n\n\n\n<p>SEXTA-FEIRA, 6 DE DEZEMBRO \u2013 ABERTURA<br>17h30 \u2013 Grupo de Saxofone da UFAL. Percurso: do Conjunto Vila dos Pescadores, Praia do Sobral, Avenida da Paz, Pra\u00e7a Marc\u00edlio Dias ao Museu Th\u00e9o Brand\u00e3o, no percurso das \u00e1rvores decoradas.<br>20h \u2013 Museu Th\u00e9o Brand\u00e3o Recep\u00e7\u00e3o para convidados e abertura oficial do projeto com autoridades, patrocinador e apoiadores culturais. O museu estar\u00e1 aberto ao p\u00fablico.<\/p>\n\n\n\n<p>S\u00c1BADO, 13 DE DEZEMBRO \u2013 VOZES NO CORETO<br>18h \u2013 No Coreto da Av. da Paz, com o Bal\u00e9 Folcl\u00f3rico de Alagoas \u2013 Grupo Transart, Coretfal, Coro Rugas de Ouro, Coro Prisma<\/p>\n\n\n\n<p>SEXTA, 19 DE DEZEMBRO<br>19h \u2013 No Museu Th\u00e9o Brand\u00e3o, com Camerata Acad\u00eamica da ETA \u2013 Recital Folguedos em Corda.<br>Museu aberto ao p\u00fablico com a exposi\u00e7\u00e3o do acervo de arte popular de Celso Brand\u00e3o.<\/p>\n\n\n\n<p>DOMINGO, 21 DE DEZEMBRO<br>17h \u2013 Trio El\u00e9trico Natalino com Wilma Ara\u00fajo e banda, crian\u00e7as do Coral Lar S\u00e3o Domingos, indo da Vila dos Pescadores at\u00e9 a pra\u00e7a Marc\u00edlio Dias.<br>19h30 \u2013 Recep\u00e7\u00e3o do Papai Noel na Pra\u00e7a Marc\u00edlio Dias, com folguedos populares.<\/p>\n\n\n\n<p>DOMINGO, 5 DE JANEIRO \u2013 FESTA DE REIS<br>18h30, no Museu Th\u00e9o Brand\u00e3o, com espet\u00e1culo musical Estrela de Bel\u00e9m<br>Dire\u00e7\u00e3o: David Farias \/ Elenco: Al\u00e9m da presen\u00e7a de Papai Noel, est\u00e3o em cena Coral das Crian\u00e7as do Lar S\u00e3o Domingos, Orquestra Pequenos M\u00fasicos de Jaragu\u00e1, Resid\u00eancia Art\u00edstica da ETA, Roberta Aureliano, Pedro Henrique<\/p>\n\n\n\n<p>20h \u2013 Proje\u00e7\u00e3o mapeada (v\u00eddeo mapping) do Est\u00fadio N\u00facleo Zero e recital da Camerata Ero Dictus<br>20h40 \u2013 Encerramento do Projeto Natal na Avenida da Paz \u2013 Edi\u00e7\u00e3o 2019 com show da Banda Cazuadinha<strong>Fonte:<\/strong>&nbsp;Assessoria\n\n<\/p>\n","protected":false},"excerpt":{"rendered":"<p>Mais uma vez, o Natal transforma a paisagem da orla de Macei\u00f3. A partir de 06 de<\/p>\n","protected":false},"author":1,"featured_media":9593,"comment_status":"open","ping_status":"open","sticky":false,"template":"","format":"standard","meta":{"footnotes":""},"categories":[60],"tags":[],"class_list":["post-9592","post","type-post","status-publish","format-standard","has-post-thumbnail","hentry","category-capa"],"_links":{"self":[{"href":"https:\/\/4cantosalagoas.com.br\/portal\/wp-json\/wp\/v2\/posts\/9592","targetHints":{"allow":["GET"]}}],"collection":[{"href":"https:\/\/4cantosalagoas.com.br\/portal\/wp-json\/wp\/v2\/posts"}],"about":[{"href":"https:\/\/4cantosalagoas.com.br\/portal\/wp-json\/wp\/v2\/types\/post"}],"author":[{"embeddable":true,"href":"https:\/\/4cantosalagoas.com.br\/portal\/wp-json\/wp\/v2\/users\/1"}],"replies":[{"embeddable":true,"href":"https:\/\/4cantosalagoas.com.br\/portal\/wp-json\/wp\/v2\/comments?post=9592"}],"version-history":[{"count":1,"href":"https:\/\/4cantosalagoas.com.br\/portal\/wp-json\/wp\/v2\/posts\/9592\/revisions"}],"predecessor-version":[{"id":9594,"href":"https:\/\/4cantosalagoas.com.br\/portal\/wp-json\/wp\/v2\/posts\/9592\/revisions\/9594"}],"wp:featuredmedia":[{"embeddable":true,"href":"https:\/\/4cantosalagoas.com.br\/portal\/wp-json\/wp\/v2\/media\/9593"}],"wp:attachment":[{"href":"https:\/\/4cantosalagoas.com.br\/portal\/wp-json\/wp\/v2\/media?parent=9592"}],"wp:term":[{"taxonomy":"category","embeddable":true,"href":"https:\/\/4cantosalagoas.com.br\/portal\/wp-json\/wp\/v2\/categories?post=9592"},{"taxonomy":"post_tag","embeddable":true,"href":"https:\/\/4cantosalagoas.com.br\/portal\/wp-json\/wp\/v2\/tags?post=9592"}],"curies":[{"name":"wp","href":"https:\/\/api.w.org\/{rel}","templated":true}]}}