{"id":9589,"date":"2019-12-06T07:05:19","date_gmt":"2019-12-06T10:05:19","guid":{"rendered":"http:\/\/4cantosalagoas.com.br\/portal\/?p=9589"},"modified":"2019-12-06T07:05:28","modified_gmt":"2019-12-06T10:05:28","slug":"natal-dos-folguedos-veja-programacao-deste-fim-de-semana","status":"publish","type":"post","link":"https:\/\/4cantosalagoas.com.br\/portal\/natal-dos-folguedos-veja-programacao-deste-fim-de-semana\/","title":{"rendered":"Natal dos Folguedos: veja programa\u00e7\u00e3o deste fim de semana"},"content":{"rendered":"\n<figure class=\"wp-block-image\"><img fetchpriority=\"high\" decoding=\"async\" width=\"1024\" height=\"684\" src=\"https:\/\/i2.wp.com\/4cantosalagoas.com.br\/portal\/wp-content\/uploads\/2019\/12\/natal.jpg?fit=1024%2C684\" alt=\"\" class=\"wp-image-9590\" srcset=\"https:\/\/4cantosalagoas.com.br\/portal\/wp-content\/uploads\/2019\/12\/natal.jpg 1024w, https:\/\/4cantosalagoas.com.br\/portal\/wp-content\/uploads\/2019\/12\/natal-300x200.jpg 300w, https:\/\/4cantosalagoas.com.br\/portal\/wp-content\/uploads\/2019\/12\/natal-768x513.jpg 768w\" sizes=\"(max-width: 1024px) 100vw, 1024px\" \/><figcaption> <br>Camerata Ero Dictus. Foto: \u00c1tila Vieira\/ Secom Macei\u00f3 <\/figcaption><\/figure>\n\n\n\n<p>Depois de reunir milhares de pessoas no \u00faltimo fim de semana, o Natal dos Folguedos retorna \u00e0 Pra\u00e7a Multieventos, na Paju\u00e7ara, nesta sexta-feira (6). A programa\u00e7\u00e3o do evento, que \u00e9 aberto ao p\u00fablico, conta com apresenta\u00e7\u00f5es de folguedos, corais, bandas e artistas locais, al\u00e9m de feira gastron\u00f4mica, espa\u00e7o de artesanato, exposi\u00e7\u00e3o com desenhos de figurinos de folguedos, casa do Papai Noel, proje\u00e7\u00f5es mapeadas e espa\u00e7o para crian\u00e7as.<\/p>\n\n\n\n<p>Na sexta-feira (6), a partir das 17h, al\u00e9m das apresenta\u00e7\u00f5es dos cantores Jaques Setton e La\u00eds Ara\u00fajo, em cima do palco, o evento contar\u00e1 com a participa\u00e7\u00e3o dos grupos culturais Boi Lacrau, Baianas Flor do Bairro, Coco de Roda Estrela de Alagoas, Guerreiro Vencedor Alagoano, Coco de Roda Sensashow e Boi Bumb\u00e1 Alagoano, que far\u00e3o suas apresenta\u00e7\u00f5es sobre o tablado posicionado perto do palco.<\/p>\n\n\n\n<p>No s\u00e1bado (7), tamb\u00e9m a partir das 17h, o p\u00fablico poder\u00e1 prestigiar a programa\u00e7\u00e3o da Festa das \u00c1guas, que, neste ano, tamb\u00e9m acontecer\u00e1 na Pra\u00e7a Multieventos, com as participa\u00e7\u00f5es de Mel Nascimento, Themb\u00e1, Er\u00ea, Afox\u00e9 Ob\u00e1 Agod\u00f4, Baianas Ganga Zumba, Afro Dend\u00ea e Coco Ra\u00edzes Nordestinas.<\/p>\n\n\n\n<p>No mesmo dia, a programa\u00e7\u00e3o do Natal dos Folguedos, que acontecer\u00e1 durante a Festa das \u00c1guas, tamb\u00e9m contar\u00e1 com as proje\u00e7\u00f5es mapeadas que homenageiam a Cultura Popular de Alagoas, al\u00e9m da feira gastron\u00f4mica, espa\u00e7o de artesanato, casa do Papai Noel, exposi\u00e7\u00e3o com desenhos de figurinos de folguedos e espa\u00e7o para crian\u00e7as.<\/p>\n\n\n\n<p>O Natal dos Folguedos \u00e9 uma realiza\u00e7\u00e3o da Prefeitura de Macei\u00f3, com o apoio da Associa\u00e7\u00e3o Brasileira de Bares e Restaurantes em Alagoas (Abrasel-AL), Associa\u00e7\u00e3o Brasileira da Ind\u00fastria de Hot\u00e9is em Alagoas (ABIH-AL), Macei\u00f3 Convention &amp; Visitors Bureau (MC&amp;VB), Sebrae\/AL e Coca Cola.<\/p>\n\n\n\n<p>Robson Muller\/Ascom Fmac<\/p>\n","protected":false},"excerpt":{"rendered":"<p>Depois de reunir milhares de pessoas no \u00faltimo fim de semana, o Natal dos Folguedos retorna \u00e0<\/p>\n","protected":false},"author":1,"featured_media":9590,"comment_status":"open","ping_status":"open","sticky":false,"template":"","format":"standard","meta":{"footnotes":""},"categories":[5],"tags":[],"class_list":["post-9589","post","type-post","status-publish","format-standard","has-post-thumbnail","hentry","category-maceio"],"_links":{"self":[{"href":"https:\/\/4cantosalagoas.com.br\/portal\/wp-json\/wp\/v2\/posts\/9589","targetHints":{"allow":["GET"]}}],"collection":[{"href":"https:\/\/4cantosalagoas.com.br\/portal\/wp-json\/wp\/v2\/posts"}],"about":[{"href":"https:\/\/4cantosalagoas.com.br\/portal\/wp-json\/wp\/v2\/types\/post"}],"author":[{"embeddable":true,"href":"https:\/\/4cantosalagoas.com.br\/portal\/wp-json\/wp\/v2\/users\/1"}],"replies":[{"embeddable":true,"href":"https:\/\/4cantosalagoas.com.br\/portal\/wp-json\/wp\/v2\/comments?post=9589"}],"version-history":[{"count":1,"href":"https:\/\/4cantosalagoas.com.br\/portal\/wp-json\/wp\/v2\/posts\/9589\/revisions"}],"predecessor-version":[{"id":9591,"href":"https:\/\/4cantosalagoas.com.br\/portal\/wp-json\/wp\/v2\/posts\/9589\/revisions\/9591"}],"wp:featuredmedia":[{"embeddable":true,"href":"https:\/\/4cantosalagoas.com.br\/portal\/wp-json\/wp\/v2\/media\/9590"}],"wp:attachment":[{"href":"https:\/\/4cantosalagoas.com.br\/portal\/wp-json\/wp\/v2\/media?parent=9589"}],"wp:term":[{"taxonomy":"category","embeddable":true,"href":"https:\/\/4cantosalagoas.com.br\/portal\/wp-json\/wp\/v2\/categories?post=9589"},{"taxonomy":"post_tag","embeddable":true,"href":"https:\/\/4cantosalagoas.com.br\/portal\/wp-json\/wp\/v2\/tags?post=9589"}],"curies":[{"name":"wp","href":"https:\/\/api.w.org\/{rel}","templated":true}]}}