{"id":9512,"date":"2019-11-28T11:03:42","date_gmt":"2019-11-28T14:03:42","guid":{"rendered":"http:\/\/4cantosalagoas.com.br\/portal\/?p=9512"},"modified":"2019-11-28T11:03:53","modified_gmt":"2019-11-28T14:03:53","slug":"pc-prende-acusado-de-trafico-de-drogas-no-benedito-bentes","status":"publish","type":"post","link":"https:\/\/4cantosalagoas.com.br\/portal\/pc-prende-acusado-de-trafico-de-drogas-no-benedito-bentes\/","title":{"rendered":"PC prende acusado de tr\u00e1fico de drogas no Benedito Bentes"},"content":{"rendered":"\n<figure class=\"wp-block-image\"><img fetchpriority=\"high\" decoding=\"async\" width=\"581\" height=\"592\" src=\"http:\/\/4cantosalagoas.com.br\/portal\/wp-content\/uploads\/2019\/11\/denarc1.jpg\" alt=\"\" class=\"wp-image-9513\" srcset=\"https:\/\/4cantosalagoas.com.br\/portal\/wp-content\/uploads\/2019\/11\/denarc1.jpg 581w, https:\/\/4cantosalagoas.com.br\/portal\/wp-content\/uploads\/2019\/11\/denarc1-294x300.jpg 294w\" sizes=\"(max-width: 581px) 100vw, 581px\" \/><figcaption> <br><em>Material apreendido com o jovem acusado de tr\u00e1fico no Benedito Bentes (Foto: ASCOM\/PC)<\/em> <\/figcaption><\/figure>\n\n\n\n<p>Agentes da Delegacia do Narcotr\u00e1fico (Denarc), comandados pelo delegado Gustavo Henrique, prenderam nesta quinta-feira (27) um jovem acusado de tr\u00e1fico de drogas, no bairro Benedito Bentes.<\/p>\n\n\n\n<p>Jo\u00e3o Victor Andrade Braz, 18 anos, foi detido na esquina de sua resid\u00eancia com uma mochila, na qual conduzia quatro quilos de maconha, um rev\u00f3lver calibre 38 e seis muni\u00e7\u00f5es.<\/p>\n\n\n\n<p>Ele havia sa\u00eddo, recentemente, da Unidade Interna\u00e7\u00e3o Masculina, para onde fora levado pela pr\u00e1tica infracional.<\/p>\n\n\n\n<p>Outro jovem tamb\u00e9m foi detido. Lucas Levi Reis Lira estava em companhia de Jo\u00e3o Victor, e tinha R$ 20 para comprar maconha. Ele ir\u00e1 responder a um Termo Circunstanciado de Ocorr\u00eancia (TCO).<\/p>\n\n\n\n<p>Na casa de Jo\u00e3o Victor, foram encontrados mais 600 gramas da droga.<\/p>\n\n\n\n<p>O acusado foi conduzido \u00e0 Denarc e autuado em flagrante, devendo responder pelo tr\u00e1fico de drogas. Ap\u00f3s os procedimentos legais, foi conduzido ao sistema prisional, onde ficar\u00e1 \u00e0 disposi\u00e7\u00e3o da Justi\u00e7a.<\/p>\n\n\n\n<p>Assessoria<\/p>\n","protected":false},"excerpt":{"rendered":"<p>Agentes da Delegacia do Narcotr\u00e1fico (Denarc), comandados pelo delegado Gustavo Henrique, prenderam nesta quinta-feira (27) um jovem<\/p>\n","protected":false},"author":1,"featured_media":9513,"comment_status":"open","ping_status":"open","sticky":false,"template":"","format":"standard","meta":{"footnotes":""},"categories":[60],"tags":[],"class_list":["post-9512","post","type-post","status-publish","format-standard","has-post-thumbnail","hentry","category-capa"],"_links":{"self":[{"href":"https:\/\/4cantosalagoas.com.br\/portal\/wp-json\/wp\/v2\/posts\/9512","targetHints":{"allow":["GET"]}}],"collection":[{"href":"https:\/\/4cantosalagoas.com.br\/portal\/wp-json\/wp\/v2\/posts"}],"about":[{"href":"https:\/\/4cantosalagoas.com.br\/portal\/wp-json\/wp\/v2\/types\/post"}],"author":[{"embeddable":true,"href":"https:\/\/4cantosalagoas.com.br\/portal\/wp-json\/wp\/v2\/users\/1"}],"replies":[{"embeddable":true,"href":"https:\/\/4cantosalagoas.com.br\/portal\/wp-json\/wp\/v2\/comments?post=9512"}],"version-history":[{"count":1,"href":"https:\/\/4cantosalagoas.com.br\/portal\/wp-json\/wp\/v2\/posts\/9512\/revisions"}],"predecessor-version":[{"id":9514,"href":"https:\/\/4cantosalagoas.com.br\/portal\/wp-json\/wp\/v2\/posts\/9512\/revisions\/9514"}],"wp:featuredmedia":[{"embeddable":true,"href":"https:\/\/4cantosalagoas.com.br\/portal\/wp-json\/wp\/v2\/media\/9513"}],"wp:attachment":[{"href":"https:\/\/4cantosalagoas.com.br\/portal\/wp-json\/wp\/v2\/media?parent=9512"}],"wp:term":[{"taxonomy":"category","embeddable":true,"href":"https:\/\/4cantosalagoas.com.br\/portal\/wp-json\/wp\/v2\/categories?post=9512"},{"taxonomy":"post_tag","embeddable":true,"href":"https:\/\/4cantosalagoas.com.br\/portal\/wp-json\/wp\/v2\/tags?post=9512"}],"curies":[{"name":"wp","href":"https:\/\/api.w.org\/{rel}","templated":true}]}}