{"id":9437,"date":"2019-11-22T06:57:50","date_gmt":"2019-11-22T09:57:50","guid":{"rendered":"http:\/\/4cantosalagoas.com.br\/portal\/?p=9437"},"modified":"2019-11-22T06:58:38","modified_gmt":"2019-11-22T09:58:38","slug":"procon-alagoas-promove-feirao-de-renegociacao-nos-dias-5-6-e-7-de-dezembro","status":"publish","type":"post","link":"https:\/\/4cantosalagoas.com.br\/portal\/procon-alagoas-promove-feirao-de-renegociacao-nos-dias-5-6-e-7-de-dezembro\/","title":{"rendered":"Procon Alagoas promove Feir\u00e3o de Renegocia\u00e7\u00e3o nos dias 5, 6 e 7 de dezembro"},"content":{"rendered":"\n<figure class=\"wp-block-image\"><img fetchpriority=\"high\" decoding=\"async\" width=\"600\" height=\"398\" src=\"http:\/\/4cantosalagoas.com.br\/portal\/wp-content\/uploads\/2019\/11\/prod.jpg\" alt=\"\" class=\"wp-image-9438\" srcset=\"https:\/\/4cantosalagoas.com.br\/portal\/wp-content\/uploads\/2019\/11\/prod.jpg 600w, https:\/\/4cantosalagoas.com.br\/portal\/wp-content\/uploads\/2019\/11\/prod-300x199.jpg 300w\" sizes=\"(max-width: 600px) 100vw, 600px\" \/><figcaption> <br>As empresas participantes foram convidadas a partir dos \u00edndices de inadimpl\u00eancia apresentados pelos consumidores durante os atendimentos realizados pelo Procon Alagoas.<em>Foto: Ascom Procon<\/em> <\/figcaption><\/figure>\n\n\n\n<p>O Instituto de Prote\u00e7\u00e3o e Defesa do Consumidor de Alagoas (Procon) realizar\u00e1 nos dias 5, 6 e 7 de dezembro, o Feir\u00e3o de Renegocia\u00e7\u00e3o de d\u00edvidas, no estacionamento do Macei\u00f3 Shopping, no bairro Mangabeiras. Ir\u00e3o participar 14 empresas entre elas bancos, as principais operadoras de telefonia e prestadoras de \u00e1gua e energia.&nbsp;<\/p>\n\n\n\n<p>As empresas participantes foram convidadas a partir dos \u00edndices de inadimpl\u00eancia apresentados pelos consumidores durante os atendimentos realizados pelo Procon Alagoas.O evento \u00e9 uma iniciativa do instituto junto ao N\u00facleo de Apoio ao Superendividado (NAS) para fornecer condi\u00e7\u00f5es mais vantajosas de negociar d\u00e9bitos atrasados cobrados pelas empresas.&nbsp;<\/p>\n\n\n\n<p>\u201c\u00c9 uma grande oportunidade para o consumidor alagoano iniciar 2020 com as contas em dia e o nome limpo.&nbsp; Estamos trabalhando duro para realizar este que ser\u00e1 o maior feir\u00e3o dos \u00faltimos anos\u201d, garante o diretor-presidente do Procon\/AL, Daniel Sampaio.<br><\/p>\n\n\n\n<p>O feir\u00e3o de renegocia\u00e7\u00e3o, durante os tr\u00eas dias, funcionar\u00e1 em hor\u00e1rio estendido. Na quinta (05) e sexta (06), os atendimentos s\u00e3o das 10h00 \u00e0s 20h00, e o \u00faltimo dia no s\u00e1bado (07), tem in\u00edcio \u00e0s 08h00 e termina \u00e0s 16h00.<\/p>\n\n\n\n<p>Sobre o local da edi\u00e7\u00e3o deste ano, o estacionamento do Macei\u00f3 Shopping, Daniel Sampaio afirma que foi algo diferencial. \u201cA escolha se deu pelo grande fluxo de consumidores, al\u00e9m de ser um local acess\u00edvel e perto de tudo. Fizemos quest\u00e3o de estender o hor\u00e1rio de funcionamento do feir\u00e3o, para a atender \u00e0queles consumidores que, por conta do trabalho, possuem um hor\u00e1rio mais apertado. A&nbsp; nossa equipe do Procon\/AL vai atuar para que as negocia\u00e7\u00f5es sejam proveitosas para ambas as partes\u201d.<\/p>\n\n\n\n<p>As empresas participantes do evento ser\u00e3o: Bradesco, Banco do Brasil, Banco do Nordeste, Caixa Econ\u00f4mica Federal, BMG, Banese, Crefisa, Casal, Equatorial, Claro, NET, Oi, Cesmac, CDL Macei\u00f3 e SPC Brasil. O consumidor que desejar participar dever\u00e1 comparecer com originais e c\u00f3pias do RG, CPF, comprovante de resid\u00eancia atualizado (menos de 3 meses) e documentos da d\u00edvida que deseja negociar.<br><\/p>\n\n\n\n<p><strong>Servi\u00e7o:<\/strong><br><\/p>\n\n\n\n<p><strong>Evento:<\/strong>&nbsp;Feir\u00e3o de Renegocia\u00e7\u00e3o de D\u00edvidas PROCON\/AL.<\/p>\n\n\n\n<p><strong>Local:<\/strong>&nbsp;Estacionamento do Macei\u00f3 Shopping.<\/p>\n\n\n\n<p><strong>Datas e Hor\u00e1rios<\/strong>:&nbsp;<\/p>\n\n\n\n<p>Quinta-feira (05\/12) \u2013 10:00 \u00e0s 20:00<\/p>\n\n\n\n<p>Sexta-feira (06\/12) \u2013 10:00 \u00e0s 20:00<\/p>\n\n\n\n<p>S\u00e1bado (07\/12) \u2013 8:00 \u00e0s 16:00<\/p>\n\n\n\n<p><strong>Documentos Necess\u00e1rios<\/strong>: Originais e c\u00f3pias do RG, CPF, comprovante de resid\u00eancia atualizado (menos de 3 meses) e documentos da d\u00edvida.<\/p>\n\n\n\n<p>Assessoria<\/p>\n","protected":false},"excerpt":{"rendered":"<p>O Instituto de Prote\u00e7\u00e3o e Defesa do Consumidor de Alagoas (Procon) realizar\u00e1 nos dias 5, 6 e<\/p>\n","protected":false},"author":1,"featured_media":9438,"comment_status":"open","ping_status":"open","sticky":false,"template":"","format":"standard","meta":{"footnotes":""},"categories":[5],"tags":[],"class_list":["post-9437","post","type-post","status-publish","format-standard","has-post-thumbnail","hentry","category-maceio"],"_links":{"self":[{"href":"https:\/\/4cantosalagoas.com.br\/portal\/wp-json\/wp\/v2\/posts\/9437","targetHints":{"allow":["GET"]}}],"collection":[{"href":"https:\/\/4cantosalagoas.com.br\/portal\/wp-json\/wp\/v2\/posts"}],"about":[{"href":"https:\/\/4cantosalagoas.com.br\/portal\/wp-json\/wp\/v2\/types\/post"}],"author":[{"embeddable":true,"href":"https:\/\/4cantosalagoas.com.br\/portal\/wp-json\/wp\/v2\/users\/1"}],"replies":[{"embeddable":true,"href":"https:\/\/4cantosalagoas.com.br\/portal\/wp-json\/wp\/v2\/comments?post=9437"}],"version-history":[{"count":1,"href":"https:\/\/4cantosalagoas.com.br\/portal\/wp-json\/wp\/v2\/posts\/9437\/revisions"}],"predecessor-version":[{"id":9439,"href":"https:\/\/4cantosalagoas.com.br\/portal\/wp-json\/wp\/v2\/posts\/9437\/revisions\/9439"}],"wp:featuredmedia":[{"embeddable":true,"href":"https:\/\/4cantosalagoas.com.br\/portal\/wp-json\/wp\/v2\/media\/9438"}],"wp:attachment":[{"href":"https:\/\/4cantosalagoas.com.br\/portal\/wp-json\/wp\/v2\/media?parent=9437"}],"wp:term":[{"taxonomy":"category","embeddable":true,"href":"https:\/\/4cantosalagoas.com.br\/portal\/wp-json\/wp\/v2\/categories?post=9437"},{"taxonomy":"post_tag","embeddable":true,"href":"https:\/\/4cantosalagoas.com.br\/portal\/wp-json\/wp\/v2\/tags?post=9437"}],"curies":[{"name":"wp","href":"https:\/\/api.w.org\/{rel}","templated":true}]}}