{"id":9356,"date":"2019-11-14T07:27:31","date_gmt":"2019-11-14T10:27:31","guid":{"rendered":"http:\/\/4cantosalagoas.com.br\/portal\/?p=9356"},"modified":"2019-11-14T07:27:41","modified_gmt":"2019-11-14T10:27:41","slug":"pontal-da-barra-recebe-giro-dos-folguedos-nesta-quinta-feira","status":"publish","type":"post","link":"https:\/\/4cantosalagoas.com.br\/portal\/pontal-da-barra-recebe-giro-dos-folguedos-nesta-quinta-feira\/","title":{"rendered":"Pontal da Barra recebe Giro dos Folguedos nesta quinta-feira"},"content":{"rendered":"\n<figure class=\"wp-block-image\"><img fetchpriority=\"high\" decoding=\"async\" width=\"1024\" height=\"683\" src=\"https:\/\/i1.wp.com\/4cantosalagoas.com.br\/portal\/wp-content\/uploads\/2019\/11\/boi.jpg?fit=1024%2C683\" alt=\"\" class=\"wp-image-9357\" srcset=\"https:\/\/4cantosalagoas.com.br\/portal\/wp-content\/uploads\/2019\/11\/boi.jpg 1024w, https:\/\/4cantosalagoas.com.br\/portal\/wp-content\/uploads\/2019\/11\/boi-300x200.jpg 300w, https:\/\/4cantosalagoas.com.br\/portal\/wp-content\/uploads\/2019\/11\/boi-768x512.jpg 768w\" sizes=\"(max-width: 1024px) 100vw, 1024px\" \/><figcaption> <br>Giro dos Folguedos no Centro. Foto: Pei Fon\/ Secom Macei\u00f3 <\/figcaption><\/figure>\n\n\n\n<p>Nesta quinta-feira (14), a partir das 15h, o Pontal da Barra ser\u00e1 palco de mais uma edi\u00e7\u00e3o do Giro dos Folguedos, promovido pela Prefeitura de Macei\u00f3, por meio da Funda\u00e7\u00e3o Municipal de A\u00e7\u00e3o Cultural (Fmac). Criado em 2013, o projeto j\u00e1 percorreu v\u00e1rios pontos da cidade.<\/p>\n\n\n\n<p>O evento \u00e9 viabilizado por meio de uma parceria entre a Fmac e o Coletivo dos Grupos das Culturas Populares Alagoanas e est\u00e1 inserido na programa\u00e7\u00e3o do \u00faltimo dia da Festa Liter\u00e1ria do Pontal da Barra (Flipontal).<\/p>\n\n\n\n<p>Dez grupos participar\u00e3o desta edi\u00e7\u00e3o do Giro dos Folguedos: Afox\u00e9 Omorew\u00e1, Fandango do Pontal, Baianas do Pontal, Guerreiro S\u00e3o Pedro Alagoano, Coco de Roda Catol\u00e9, Taieiras Alagoanas, Pastoril Estrela de Bel\u00e9m, Boi Treme Terra, Cirandeiras Alagoanas e Maracatu Baque Alagoano.<\/p>\n\n\n\n<p>As apresenta\u00e7\u00f5es do Giro dos Folguedos acontecer\u00e3o em tablados distribu\u00eddos nos seguintes pontos: Pra\u00e7a S\u00e3o Sebasti\u00e3o, Posto de Sa\u00fade, Pra\u00e7a Caio Porto, Artesanato do Odilon e na entrada principal do bairro.<\/p>\n\n\n\n<p><strong>3\u00aa Flipontal<\/strong><\/p>\n\n\n\n<p>As atividades do \u00faltimo dia da Festa Liter\u00e1ria do Pontal da Barra ter\u00e3o in\u00edcio, \u00e0s 9h, com uma roda de conversa entre a Uni\u00e3o Brasileira de Escritores e a Academia Alagoana de Letras, antecedendo a mesa \u201cA cidadania como ferramenta de transforma\u00e7\u00e3o da sociedade\u201d, que ter\u00e1 a participa\u00e7\u00e3o de Pedro Oliveira, al\u00e9m da \u00faltima mesa desta edi\u00e7\u00e3o da Festa Liter\u00e1ria, que ser\u00e1 a \u201cA Leitura com prazer e como ferramenta de transforma\u00e7\u00e3o do mundo\u201d, com Rosana Mont\u2019Alverne.<\/p>\n\n\n\n<p>Al\u00e9m das mesas, nesta quinta-feira (14), tamb\u00e9m se apresentar\u00e3o o coral da Escola Municipal Silvestre P\u00e9ricles, que tamb\u00e9m recebe conta\u00e7\u00e3o de hist\u00f3ria, Biblioteca Volante e exposi\u00e7\u00f5es. \u00c0 noite, haver\u00e1 o desfile de moda e os shows do Projeto Jonas Rock, Carlos Andr\u00e9, Malcon e Reedi.<\/p>\n\n\n\n<p>Paula Ara\u00fajo\/ Ascom FMAC<\/p>\n","protected":false},"excerpt":{"rendered":"<p>Nesta quinta-feira (14), a partir das 15h, o Pontal da Barra ser\u00e1 palco de mais uma edi\u00e7\u00e3o<\/p>\n","protected":false},"author":1,"featured_media":9357,"comment_status":"open","ping_status":"open","sticky":false,"template":"","format":"standard","meta":{"footnotes":""},"categories":[60],"tags":[],"class_list":["post-9356","post","type-post","status-publish","format-standard","has-post-thumbnail","hentry","category-capa"],"_links":{"self":[{"href":"https:\/\/4cantosalagoas.com.br\/portal\/wp-json\/wp\/v2\/posts\/9356","targetHints":{"allow":["GET"]}}],"collection":[{"href":"https:\/\/4cantosalagoas.com.br\/portal\/wp-json\/wp\/v2\/posts"}],"about":[{"href":"https:\/\/4cantosalagoas.com.br\/portal\/wp-json\/wp\/v2\/types\/post"}],"author":[{"embeddable":true,"href":"https:\/\/4cantosalagoas.com.br\/portal\/wp-json\/wp\/v2\/users\/1"}],"replies":[{"embeddable":true,"href":"https:\/\/4cantosalagoas.com.br\/portal\/wp-json\/wp\/v2\/comments?post=9356"}],"version-history":[{"count":1,"href":"https:\/\/4cantosalagoas.com.br\/portal\/wp-json\/wp\/v2\/posts\/9356\/revisions"}],"predecessor-version":[{"id":9358,"href":"https:\/\/4cantosalagoas.com.br\/portal\/wp-json\/wp\/v2\/posts\/9356\/revisions\/9358"}],"wp:featuredmedia":[{"embeddable":true,"href":"https:\/\/4cantosalagoas.com.br\/portal\/wp-json\/wp\/v2\/media\/9357"}],"wp:attachment":[{"href":"https:\/\/4cantosalagoas.com.br\/portal\/wp-json\/wp\/v2\/media?parent=9356"}],"wp:term":[{"taxonomy":"category","embeddable":true,"href":"https:\/\/4cantosalagoas.com.br\/portal\/wp-json\/wp\/v2\/categories?post=9356"},{"taxonomy":"post_tag","embeddable":true,"href":"https:\/\/4cantosalagoas.com.br\/portal\/wp-json\/wp\/v2\/tags?post=9356"}],"curies":[{"name":"wp","href":"https:\/\/api.w.org\/{rel}","templated":true}]}}