{"id":9273,"date":"2019-11-08T06:56:56","date_gmt":"2019-11-08T09:56:56","guid":{"rendered":"http:\/\/4cantosalagoas.com.br\/portal\/?p=9273"},"modified":"2019-11-08T06:57:06","modified_gmt":"2019-11-08T09:57:06","slug":"com-incentivo-ao-consumo-responsavel-feira-organica-acontece-no-proximo-domingo","status":"publish","type":"post","link":"https:\/\/4cantosalagoas.com.br\/portal\/com-incentivo-ao-consumo-responsavel-feira-organica-acontece-no-proximo-domingo\/","title":{"rendered":"Com incentivo ao consumo respons\u00e1vel, Feira Org\u00e2nica acontece no pr\u00f3ximo domingo"},"content":{"rendered":"\n<figure class=\"wp-block-image\"><img fetchpriority=\"high\" decoding=\"async\" width=\"716\" height=\"525\" src=\"http:\/\/4cantosalagoas.com.br\/portal\/wp-content\/uploads\/2019\/11\/feira.png\" alt=\"\" class=\"wp-image-9274\" srcset=\"https:\/\/4cantosalagoas.com.br\/portal\/wp-content\/uploads\/2019\/11\/feira.png 716w, https:\/\/4cantosalagoas.com.br\/portal\/wp-content\/uploads\/2019\/11\/feira-300x220.png 300w\" sizes=\"(max-width: 716px) 100vw, 716px\" \/><figcaption>Assessoria<\/figcaption><\/figure>\n\n\n\n<p>A Secretaria do Meio Ambiente e dos Recursos H\u00eddricos (Semarh) realizou uma a\u00e7\u00e3o de panfletagem, em Macei\u00f3, na manh\u00e3 desta quinta-feira (07), para refor\u00e7ar o convite para mais uma edi\u00e7\u00e3o da Feira Org\u00e2nica que acontece no pr\u00f3ximo domingo (10), das 8h \u00e0s 12h, na Pra\u00e7a Gog\u00f3 da Ema, na Ponta Verde.<\/p>\n\n\n\n<p>Em parceria com a Superintend\u00eancia Urbana de Desenvolvimento Sustent\u00e1vel (SUDES), a iniciativa tem como objetivo chamar a aten\u00e7\u00e3o da sociedade, especificamente o consumidor urbano da cidade, para a import\u00e2ncia do produto org\u00e2nico. A ideia \u00e9 trabalhar o consumo respons\u00e1vel, relacionado \u00e0 sa\u00fade humana e ao meio ambiente.<\/p>\n\n\n\n<p>Os agricultores participantes da Feira pertencem \u00e0 regi\u00e3o da Zona da Mata do Estado e v\u00e3o comercializar produtos org\u00e2nicos livres de agrot\u00f3xicos, proporcionando uma grande variedade de frutas, legumes, folhosos e verduras.\u00a0Tornando a a\u00e7\u00e3o mais atrativa e diversificada, o p\u00fablico tamb\u00e9m contar\u00e1 com alimentos tradicionais da culin\u00e1ria alagoana preparados na hora e pronto para consumo, como tapioca de diversos sabores e bolos feitos com os produtos org\u00e2nicos, e o famoso risoto de frango com ora-pro-n\u00f3bis. <\/p>\n\n\n\n<p>Assessoria<\/p>\n","protected":false},"excerpt":{"rendered":"<p>A Secretaria do Meio Ambiente e dos Recursos H\u00eddricos (Semarh) realizou uma a\u00e7\u00e3o de panfletagem, em Macei\u00f3,<\/p>\n","protected":false},"author":1,"featured_media":9274,"comment_status":"open","ping_status":"open","sticky":false,"template":"","format":"standard","meta":{"footnotes":""},"categories":[60],"tags":[],"class_list":["post-9273","post","type-post","status-publish","format-standard","has-post-thumbnail","hentry","category-capa"],"_links":{"self":[{"href":"https:\/\/4cantosalagoas.com.br\/portal\/wp-json\/wp\/v2\/posts\/9273","targetHints":{"allow":["GET"]}}],"collection":[{"href":"https:\/\/4cantosalagoas.com.br\/portal\/wp-json\/wp\/v2\/posts"}],"about":[{"href":"https:\/\/4cantosalagoas.com.br\/portal\/wp-json\/wp\/v2\/types\/post"}],"author":[{"embeddable":true,"href":"https:\/\/4cantosalagoas.com.br\/portal\/wp-json\/wp\/v2\/users\/1"}],"replies":[{"embeddable":true,"href":"https:\/\/4cantosalagoas.com.br\/portal\/wp-json\/wp\/v2\/comments?post=9273"}],"version-history":[{"count":1,"href":"https:\/\/4cantosalagoas.com.br\/portal\/wp-json\/wp\/v2\/posts\/9273\/revisions"}],"predecessor-version":[{"id":9275,"href":"https:\/\/4cantosalagoas.com.br\/portal\/wp-json\/wp\/v2\/posts\/9273\/revisions\/9275"}],"wp:featuredmedia":[{"embeddable":true,"href":"https:\/\/4cantosalagoas.com.br\/portal\/wp-json\/wp\/v2\/media\/9274"}],"wp:attachment":[{"href":"https:\/\/4cantosalagoas.com.br\/portal\/wp-json\/wp\/v2\/media?parent=9273"}],"wp:term":[{"taxonomy":"category","embeddable":true,"href":"https:\/\/4cantosalagoas.com.br\/portal\/wp-json\/wp\/v2\/categories?post=9273"},{"taxonomy":"post_tag","embeddable":true,"href":"https:\/\/4cantosalagoas.com.br\/portal\/wp-json\/wp\/v2\/tags?post=9273"}],"curies":[{"name":"wp","href":"https:\/\/api.w.org\/{rel}","templated":true}]}}