{"id":9270,"date":"2019-11-08T06:50:56","date_gmt":"2019-11-08T09:50:56","guid":{"rendered":"http:\/\/4cantosalagoas.com.br\/portal\/?p=9270"},"modified":"2019-11-08T06:51:09","modified_gmt":"2019-11-08T09:51:09","slug":"bienal-alunos-de-escolas-publicas-encenam-mediacao-de-conflitos","status":"publish","type":"post","link":"https:\/\/4cantosalagoas.com.br\/portal\/bienal-alunos-de-escolas-publicas-encenam-mediacao-de-conflitos\/","title":{"rendered":"Bienal: alunos de escolas p\u00fablicas encenam media\u00e7\u00e3o de conflitos"},"content":{"rendered":"\n<figure class=\"wp-block-image\"><img fetchpriority=\"high\" decoding=\"async\" width=\"900\" height=\"600\" src=\"http:\/\/4cantosalagoas.com.br\/portal\/wp-content\/uploads\/2019\/11\/alu.jpg\" alt=\"\" class=\"wp-image-9271\" srcset=\"https:\/\/4cantosalagoas.com.br\/portal\/wp-content\/uploads\/2019\/11\/alu.jpg 900w, https:\/\/4cantosalagoas.com.br\/portal\/wp-content\/uploads\/2019\/11\/alu-300x200.jpg 300w, https:\/\/4cantosalagoas.com.br\/portal\/wp-content\/uploads\/2019\/11\/alu-768x512.jpg 768w\" sizes=\"(max-width: 900px) 100vw, 900px\" \/><figcaption> <br>Estudantes fizeram encena\u00e7\u00e3o de media\u00e7\u00e3o de conflito. Foto: Caio Loureiro <\/figcaption><\/figure>\n\n\n\n<p>Alunos do 9\u00ba ano das escolas Municipal Padre Pinho e Estadual Ana\u00edas de Lima fizeram, na manh\u00e3 desta quinta-feira (7), apresenta\u00e7\u00f5es dos conhecimentos adquiridos durante o projeto Costrutor da Paz, promovido pelo Programa Cidadania e Justi\u00e7a na Escola (PCJE), da Escola Superior da Magistratura de Alagoas (Esmal). As apresenta\u00e7\u00f5es foram feitas durante a 9\u00aa Bienal Internacional do Livro em Alagoas.<\/p>\n\n\n\n<p>Com a tem\u00e1tica \u201ccultura de paz\u201d, os estudantes do 9\u00ba ano da Escola Padre Pinho encenaram uma media\u00e7\u00e3o de conflitos, na qual ap\u00f3s uma briga, outro colega de escola veio para promover a concilia\u00e7\u00e3o. Ap\u00f3s a cena, os alunos se juntaram no palco localizado na Pra\u00e7a Dois Le\u00f5es para cantar uma m\u00fasica par\u00f3dia sobre o assunto.<\/p>\n\n\n\n<p>J\u00e1 a turma da Escola Estadual Ana\u00edas de Lima exp\u00f4s cartazes com frases de pensadores durante uma apresenta\u00e7\u00e3o ao som de Imagine, m\u00fasica do cantor John Lennon.<\/p>\n\n\n\n<p>A pedagoga do PCJE Luzia Rodrigues explica que o projeto surgiu pela necessidade de trabalhar n\u00e3o s\u00f3 com os profissionais, mas tamb\u00e9m com a conscientiza\u00e7\u00e3o dos alunos. Segundo ela, os alunos j\u00e1 est\u00e3o colocando em pr\u00e1tica os que aprenderam durante as palestras.<\/p>\n\n\n\n<p>\u201cOs meninos que est\u00e3o nesse projeto j\u00e1 t\u00eam outro comportamento, a gente percebe. Tanto \u00e9 que um disse \u2018professora, eu tentei correr atr\u00e1s de um menino que tava discutindo e brigando, mas quando eu cheguei at\u00e9 ele, eu n\u00e3o consegui, s\u00f3 acalmei\u2019. Ent\u00e3o eles j\u00e1 est\u00e3o aprendendo que atrav\u00e9s do di\u00e1logo, do respeito, melhora\u201d, salienta.<\/p>\n\n\n\n<p>Durante o ano, o projeto Construtores da Paz trabalhou temas como a promo\u00e7\u00e3o da paz e valores humanos com alunos de quatro escolas. Foram feitas palestras e trabalhos com os estudantes, que criaram pe\u00e7as de teatro, frases, reflex\u00f5es, reda\u00e7\u00f5es e m\u00fasicas que tratavam sobre a cultura de paz.<\/p>\n\n\n\n<p>A escritora Maristela Pozitano, que tamb\u00e9m palestrou com os jovens durante o projeto, observa que o trabalho feito despertou a reflex\u00e3o e aprofundou o conhecimento dos alunos, que come\u00e7aram a colocar em pr\u00e1tica o que era discutido em sala de aula.<\/p>\n\n\n\n<p>\u201cO interessante \u00e9 que suscitou neles pensarem na paz, porque quando a gente come\u00e7a a ir pra escola e falar sobre a paz, eles percebem que a cultura, a leitura, tudo isso traz uma profundidade pra eles de conhecimento\u201d, disse Maristela.<\/p>\n\n\n\n<p>Para a professora de L\u00edngua Portuguesa da Escola Padre Pinho, Sueli Nunes Leite, o trabalho com os alunos foi fundamental para uma conviv\u00eancia mais pac\u00edfica na escola e fora dela. \u201cEsse projeto trabalhou muito bem a no\u00e7\u00e3o de cidadania e a necessidade de que o mundo precisa de paz. Os conflitos acontecem e os alunos aos poucos eles est\u00e3o com essa vis\u00e3o de que pra resolver um conflito precisa do di\u00e1logo\u201d.<\/p>\n\n\n\n<p>O estudante Carlos Afonso, do 9\u00ba ano, disse que participar do projeto foi importante, e que al\u00e9m de descobrir e aprender muito, os alunos come\u00e7aram a interagir mais. \u201cFoi muito legal, descobrimos muitas coisas, interagimos muito mais com os outros\u201d.<\/p>\n\n\n\n<p>Assessoria<\/p>\n","protected":false},"excerpt":{"rendered":"<p>Alunos do 9\u00ba ano das escolas Municipal Padre Pinho e Estadual Ana\u00edas de Lima fizeram, na manh\u00e3<\/p>\n","protected":false},"author":1,"featured_media":9271,"comment_status":"open","ping_status":"open","sticky":false,"template":"","format":"standard","meta":{"footnotes":""},"categories":[5],"tags":[],"class_list":["post-9270","post","type-post","status-publish","format-standard","has-post-thumbnail","hentry","category-maceio"],"_links":{"self":[{"href":"https:\/\/4cantosalagoas.com.br\/portal\/wp-json\/wp\/v2\/posts\/9270","targetHints":{"allow":["GET"]}}],"collection":[{"href":"https:\/\/4cantosalagoas.com.br\/portal\/wp-json\/wp\/v2\/posts"}],"about":[{"href":"https:\/\/4cantosalagoas.com.br\/portal\/wp-json\/wp\/v2\/types\/post"}],"author":[{"embeddable":true,"href":"https:\/\/4cantosalagoas.com.br\/portal\/wp-json\/wp\/v2\/users\/1"}],"replies":[{"embeddable":true,"href":"https:\/\/4cantosalagoas.com.br\/portal\/wp-json\/wp\/v2\/comments?post=9270"}],"version-history":[{"count":1,"href":"https:\/\/4cantosalagoas.com.br\/portal\/wp-json\/wp\/v2\/posts\/9270\/revisions"}],"predecessor-version":[{"id":9272,"href":"https:\/\/4cantosalagoas.com.br\/portal\/wp-json\/wp\/v2\/posts\/9270\/revisions\/9272"}],"wp:featuredmedia":[{"embeddable":true,"href":"https:\/\/4cantosalagoas.com.br\/portal\/wp-json\/wp\/v2\/media\/9271"}],"wp:attachment":[{"href":"https:\/\/4cantosalagoas.com.br\/portal\/wp-json\/wp\/v2\/media?parent=9270"}],"wp:term":[{"taxonomy":"category","embeddable":true,"href":"https:\/\/4cantosalagoas.com.br\/portal\/wp-json\/wp\/v2\/categories?post=9270"},{"taxonomy":"post_tag","embeddable":true,"href":"https:\/\/4cantosalagoas.com.br\/portal\/wp-json\/wp\/v2\/tags?post=9270"}],"curies":[{"name":"wp","href":"https:\/\/api.w.org\/{rel}","templated":true}]}}