{"id":9223,"date":"2019-11-04T07:55:02","date_gmt":"2019-11-04T10:55:02","guid":{"rendered":"http:\/\/4cantosalagoas.com.br\/portal\/?p=9223"},"modified":"2019-11-04T07:55:11","modified_gmt":"2019-11-04T10:55:11","slug":"novembro-azul-campanha-visa-promocao-da-saude-do-homem","status":"publish","type":"post","link":"https:\/\/4cantosalagoas.com.br\/portal\/novembro-azul-campanha-visa-promocao-da-saude-do-homem\/","title":{"rendered":"Novembro Azul: campanha visa promo\u00e7\u00e3o da sa\u00fade do homem"},"content":{"rendered":"\n<figure class=\"wp-block-image\"><img fetchpriority=\"high\" decoding=\"async\" width=\"562\" height=\"505\" src=\"http:\/\/4cantosalagoas.com.br\/portal\/wp-content\/uploads\/2019\/11\/azul.png\" alt=\"\" class=\"wp-image-9224\" srcset=\"https:\/\/4cantosalagoas.com.br\/portal\/wp-content\/uploads\/2019\/11\/azul.png 562w, https:\/\/4cantosalagoas.com.br\/portal\/wp-content\/uploads\/2019\/11\/azul-300x270.png 300w\" sizes=\"(max-width: 562px) 100vw, 562px\" \/><figcaption>Divulga\u00e7\u00e3o<\/figcaption><\/figure>\n\n\n\n<p>om o objetivo de intensificar a preven\u00e7\u00e3o do c\u00e2ncer de pr\u00f3stata, o Programa Sa\u00fade do Homem da Secretaria Municipal de Sa\u00fade(SMS) lan\u00e7a na pr\u00f3xima segunda-feira(04) a campanha Novembro Azul. O evento ser\u00e1 destinado a servidores do \u00f3rg\u00e3o e ter\u00e1 in\u00edcio \u00e0s 08h30 no audit\u00f3rio da SMS.<\/p>\n\n\n\n<p>O dia contar\u00e1 com palestras sobre c\u00e2ncer de pr\u00f3stata e p\u00eanis, disfun\u00e7\u00e3o er\u00e9til e ejacula\u00e7\u00e3o precoce. Durante o m\u00eas o usu\u00e1rio ter\u00e1 acesso a uma s\u00e9rie de a\u00e7\u00f5es que ser\u00e3o desenvolvidas pela SMS. Realiza\u00e7\u00e3o de testes r\u00e1pidos, aferi\u00e7\u00e3o de press\u00e3o arterial, teste de glicemia, orienta\u00e7\u00f5es com endocrinologistas, c\u00e1lculo do \u00edndice de massa corp\u00f3rea(IMC), al\u00e9m de palestras educativas e a discuss\u00e3o do tema na 9\u00aa Bienal Internacional do Livro estar\u00e3o na programa\u00e7\u00e3o.<\/p>\n\n\n\n<p>Camila Cala\u00e7a, respons\u00e1vel pelo Programa, enfatizou a import\u00e2ncia da campanha para a popula\u00e7\u00e3o. \u201cO c\u00e2ncer de pr\u00f3stata \u00e9 o segundo que mais mata homens no Brasil, ficando atr\u00e1s somente do c\u00e2ncer de pulm\u00e3o.&nbsp;Em raz\u00e3o do preconceito, muito homens ainda n\u00e3o realizam os cuidados preventivos necess\u00e1rios. Queremos combater essa realidade e mostrar que, nos dias atuais, morrer de c\u00e2ncer n\u00e3o \u00e9 destino, \u00e9 descuido\u201d, declarou Camila.<\/p>\n\n\n\n<p>A campanha contar\u00e1, ainda, com o Dia D que acontecer\u00e1 nas Unidades B\u00e1sicas de Sa\u00fade(UBS) no dia 23 de Novembro com uma programa\u00e7\u00e3o especial para atender \u00e0 demanda espont\u00e2nea presente na a\u00e7\u00e3o.<\/p>\n\n\n\n<p>Polyanna&nbsp;<em>Monteiro\/Ascom<\/em>&nbsp;Sms<\/p>\n","protected":false},"excerpt":{"rendered":"<p>om o objetivo de intensificar a preven\u00e7\u00e3o do c\u00e2ncer de pr\u00f3stata, o Programa Sa\u00fade do Homem da<\/p>\n","protected":false},"author":1,"featured_media":9224,"comment_status":"open","ping_status":"open","sticky":false,"template":"","format":"standard","meta":{"footnotes":""},"categories":[5],"tags":[],"class_list":["post-9223","post","type-post","status-publish","format-standard","has-post-thumbnail","hentry","category-maceio"],"_links":{"self":[{"href":"https:\/\/4cantosalagoas.com.br\/portal\/wp-json\/wp\/v2\/posts\/9223","targetHints":{"allow":["GET"]}}],"collection":[{"href":"https:\/\/4cantosalagoas.com.br\/portal\/wp-json\/wp\/v2\/posts"}],"about":[{"href":"https:\/\/4cantosalagoas.com.br\/portal\/wp-json\/wp\/v2\/types\/post"}],"author":[{"embeddable":true,"href":"https:\/\/4cantosalagoas.com.br\/portal\/wp-json\/wp\/v2\/users\/1"}],"replies":[{"embeddable":true,"href":"https:\/\/4cantosalagoas.com.br\/portal\/wp-json\/wp\/v2\/comments?post=9223"}],"version-history":[{"count":1,"href":"https:\/\/4cantosalagoas.com.br\/portal\/wp-json\/wp\/v2\/posts\/9223\/revisions"}],"predecessor-version":[{"id":9225,"href":"https:\/\/4cantosalagoas.com.br\/portal\/wp-json\/wp\/v2\/posts\/9223\/revisions\/9225"}],"wp:featuredmedia":[{"embeddable":true,"href":"https:\/\/4cantosalagoas.com.br\/portal\/wp-json\/wp\/v2\/media\/9224"}],"wp:attachment":[{"href":"https:\/\/4cantosalagoas.com.br\/portal\/wp-json\/wp\/v2\/media?parent=9223"}],"wp:term":[{"taxonomy":"category","embeddable":true,"href":"https:\/\/4cantosalagoas.com.br\/portal\/wp-json\/wp\/v2\/categories?post=9223"},{"taxonomy":"post_tag","embeddable":true,"href":"https:\/\/4cantosalagoas.com.br\/portal\/wp-json\/wp\/v2\/tags?post=9223"}],"curies":[{"name":"wp","href":"https:\/\/api.w.org\/{rel}","templated":true}]}}