{"id":9220,"date":"2019-11-04T07:50:04","date_gmt":"2019-11-04T10:50:04","guid":{"rendered":"http:\/\/4cantosalagoas.com.br\/portal\/?p=9220"},"modified":"2019-11-04T07:50:14","modified_gmt":"2019-11-04T10:50:14","slug":"idoso-cai-de-bicicleta-e-morre-as-margens-da-br-101-no-interior-de-alagoas","status":"publish","type":"post","link":"https:\/\/4cantosalagoas.com.br\/portal\/idoso-cai-de-bicicleta-e-morre-as-margens-da-br-101-no-interior-de-alagoas\/","title":{"rendered":"Idoso cai de bicicleta e morre as margens da BR 101 no interior de Alagoas"},"content":{"rendered":"\n<figure class=\"wp-block-image\"><img fetchpriority=\"high\" decoding=\"async\" width=\"700\" height=\"443\" src=\"http:\/\/4cantosalagoas.com.br\/portal\/wp-content\/uploads\/2019\/11\/bici.jpg\" alt=\"\" class=\"wp-image-9221\" srcset=\"https:\/\/4cantosalagoas.com.br\/portal\/wp-content\/uploads\/2019\/11\/bici.jpg 700w, https:\/\/4cantosalagoas.com.br\/portal\/wp-content\/uploads\/2019\/11\/bici-300x190.jpg 300w\" sizes=\"(max-width: 700px) 100vw, 700px\" \/><figcaption> <br>Imagens por\u00a0Reprodu\u00e7\u00e3o\/AlagoasWeb. <\/figcaption><\/figure>\n\n\n\n<p> Um senhor, at\u00e9 o momento n\u00e3o identificado, morreu na tarde deste domingo, dia 03, ao cair da bicicleta que conduzia as margens da rodovia federal BR 101, no munic\u00edpio de Teot\u00f4nio Vilela. <\/p>\n\n\n\n<p>\n\nSegundo informa\u00e7\u00f5es de testemunhas, a v\u00edtima transitava nas ruas do bairro Sebastiao Vilela, quando de repente caiu do ve\u00edculo. \u201cEle n\u00e3o bateu em nada, simplesmente caiu\u201d, afirma uma testemunha.<\/p>\n\n\n\n<p>O Servi\u00e7o de Atendimento M\u00f3vel de Urg\u00eancia (SAMU), chegou a ser acionado e a unidade a\u00e9rea Arcanjo enviada ao local, mas a v\u00edtima n\u00e3o resistiu e entrou em \u00f3bito antes de receber socorro.<\/p>\n\n\n\n<p>Ainda segundo testemunhas, o homem, de aproximadamente 60 anos, pode ter sofrido um mal s\u00fabito, antes de cair da bicicleta e morrer.<\/p>\n\n\n\n<p>O local da trag\u00e9dia foi isolado pela Pol\u00edcia Militar e Guarda Civil Municipal, que aguarda peritos do Instituto de Criminal\u00edstica (IC). O corpo do idoso deve ser recolhido para o Instituto de Medicina Legal e Arapiraca. <\/p>\n\n\n\n<p>\n\n&nbsp;Fonte&nbsp;AlagoasWeb\n\n<\/p>\n","protected":false},"excerpt":{"rendered":"<p>Um senhor, at\u00e9 o momento n\u00e3o identificado, morreu na tarde deste domingo, dia 03, ao cair da<\/p>\n","protected":false},"author":1,"featured_media":9221,"comment_status":"open","ping_status":"open","sticky":false,"template":"","format":"standard","meta":{"footnotes":""},"categories":[60],"tags":[],"class_list":["post-9220","post","type-post","status-publish","format-standard","has-post-thumbnail","hentry","category-capa"],"_links":{"self":[{"href":"https:\/\/4cantosalagoas.com.br\/portal\/wp-json\/wp\/v2\/posts\/9220","targetHints":{"allow":["GET"]}}],"collection":[{"href":"https:\/\/4cantosalagoas.com.br\/portal\/wp-json\/wp\/v2\/posts"}],"about":[{"href":"https:\/\/4cantosalagoas.com.br\/portal\/wp-json\/wp\/v2\/types\/post"}],"author":[{"embeddable":true,"href":"https:\/\/4cantosalagoas.com.br\/portal\/wp-json\/wp\/v2\/users\/1"}],"replies":[{"embeddable":true,"href":"https:\/\/4cantosalagoas.com.br\/portal\/wp-json\/wp\/v2\/comments?post=9220"}],"version-history":[{"count":1,"href":"https:\/\/4cantosalagoas.com.br\/portal\/wp-json\/wp\/v2\/posts\/9220\/revisions"}],"predecessor-version":[{"id":9222,"href":"https:\/\/4cantosalagoas.com.br\/portal\/wp-json\/wp\/v2\/posts\/9220\/revisions\/9222"}],"wp:featuredmedia":[{"embeddable":true,"href":"https:\/\/4cantosalagoas.com.br\/portal\/wp-json\/wp\/v2\/media\/9221"}],"wp:attachment":[{"href":"https:\/\/4cantosalagoas.com.br\/portal\/wp-json\/wp\/v2\/media?parent=9220"}],"wp:term":[{"taxonomy":"category","embeddable":true,"href":"https:\/\/4cantosalagoas.com.br\/portal\/wp-json\/wp\/v2\/categories?post=9220"},{"taxonomy":"post_tag","embeddable":true,"href":"https:\/\/4cantosalagoas.com.br\/portal\/wp-json\/wp\/v2\/tags?post=9220"}],"curies":[{"name":"wp","href":"https:\/\/api.w.org\/{rel}","templated":true}]}}