{"id":9169,"date":"2019-10-29T08:48:30","date_gmt":"2019-10-29T11:48:30","guid":{"rendered":"http:\/\/4cantosalagoas.com.br\/portal\/?p=9169"},"modified":"2019-10-29T08:50:15","modified_gmt":"2019-10-29T11:50:15","slug":"bienal-do-livro-tera-inicio-na-proxima-sexta-feira-em-jaragua","status":"publish","type":"post","link":"https:\/\/4cantosalagoas.com.br\/portal\/bienal-do-livro-tera-inicio-na-proxima-sexta-feira-em-jaragua\/","title":{"rendered":"Bienal do Livro ter\u00e1 in\u00edcio na pr\u00f3xima sexta-feira, em Jaragu\u00e1"},"content":{"rendered":"\n<figure class=\"wp-block-image\"><img fetchpriority=\"high\" decoding=\"async\" width=\"1024\" height=\"683\" src=\"https:\/\/i2.wp.com\/4cantosalagoas.com.br\/portal\/wp-content\/uploads\/2019\/10\/biel.jpg?fit=1024%2C683\" alt=\"\" class=\"wp-image-9170\" srcset=\"https:\/\/4cantosalagoas.com.br\/portal\/wp-content\/uploads\/2019\/10\/biel.jpg 1024w, https:\/\/4cantosalagoas.com.br\/portal\/wp-content\/uploads\/2019\/10\/biel-300x200.jpg 300w, https:\/\/4cantosalagoas.com.br\/portal\/wp-content\/uploads\/2019\/10\/biel-768x512.jpg 768w\" sizes=\"(max-width: 1024px) 100vw, 1024px\" \/><figcaption> <br>Estudantes da Rede Municipal s\u00e3o beneficiados com vale-livro durante a Bienal. Foto: Pei Fon\/ Secom Macei\u00f3 <\/figcaption><\/figure>\n\n\n\n<p>A Bienal Internacional do Livro de Alagoas est\u00e1 de volta. A partir da pr\u00f3xima sexta-feira (1\u00b0), o hist\u00f3rico bairro do Jaragu\u00e1 ser\u00e1 o cen\u00e1rio da edi\u00e7\u00e3o deste ano do evento, que conta com a parceria da Prefeitura de Macei\u00f3, por meio da Funda\u00e7\u00e3o Municipal de A\u00e7\u00e3o Cultural (Fmac) e de outros \u00f3rg\u00e3os do Munic\u00edpio.<\/p>\n\n\n\n<p>Na edi\u00e7\u00e3o deste ano, a Bienal aposta no tema \u201cLivro Aberto: Leitura, Liberdade e Autonomia\u201d e em um formato diferenciado: as atividades ir\u00e3o acontecer em pr\u00e9dios hist\u00f3ricos, pra\u00e7as e na Rua S\u00e1 e Albuquerque at\u00e9 o dia 10 do pr\u00f3ximo m\u00eas.<\/p>\n\n\n\n<p>A programa\u00e7\u00e3o do evento contar\u00e1 com a participa\u00e7\u00e3o de mais de 100 atra\u00e7\u00f5es, que ser\u00e3o distribu\u00eddas em palestras, confer\u00eancias, bate-papos, oficinas, semin\u00e1rios e mesas-redondas, al\u00e9m da tradicional feira de livros.<\/p>\n\n\n\n<p>A 9\u00aa Bienal tamb\u00e9m ir\u00e1 promover lan\u00e7amentos de livros, conta\u00e7\u00e3o de hist\u00f3rias e espet\u00e1culos de m\u00fasica, dan\u00e7a e teatro. A FMAC apoia a organiza\u00e7\u00e3o do evento viabilizando parte da estrutura dos palcos que ser\u00e3o instalados nos espa\u00e7os culturais.<\/p>\n\n\n\n<p>Confira&nbsp;<a href=\"http:\/\/www.maceio.al.gov.br\/wp-content\/uploads\/2019\/10\/pdf\/2019\/10\/PROGRAMA%C3%87%C3%83O-BIENAL-2019.pdf\" target=\"_blank\" rel=\"noreferrer noopener\"><strong>aqui<\/strong><\/a>&nbsp;a programa\u00e7\u00e3o completa da 9\u00aa Bienal Internacional do Livro.<\/p>\n\n\n\n<p>Robson Muller\/ Ascom Fmac<\/p>\n","protected":false},"excerpt":{"rendered":"<p>A Bienal Internacional do Livro de Alagoas est\u00e1 de volta. A partir da pr\u00f3xima sexta-feira (1\u00b0), o<\/p>\n","protected":false},"author":1,"featured_media":9170,"comment_status":"open","ping_status":"open","sticky":false,"template":"","format":"standard","meta":{"footnotes":""},"categories":[5],"tags":[],"class_list":["post-9169","post","type-post","status-publish","format-standard","has-post-thumbnail","hentry","category-maceio"],"_links":{"self":[{"href":"https:\/\/4cantosalagoas.com.br\/portal\/wp-json\/wp\/v2\/posts\/9169","targetHints":{"allow":["GET"]}}],"collection":[{"href":"https:\/\/4cantosalagoas.com.br\/portal\/wp-json\/wp\/v2\/posts"}],"about":[{"href":"https:\/\/4cantosalagoas.com.br\/portal\/wp-json\/wp\/v2\/types\/post"}],"author":[{"embeddable":true,"href":"https:\/\/4cantosalagoas.com.br\/portal\/wp-json\/wp\/v2\/users\/1"}],"replies":[{"embeddable":true,"href":"https:\/\/4cantosalagoas.com.br\/portal\/wp-json\/wp\/v2\/comments?post=9169"}],"version-history":[{"count":1,"href":"https:\/\/4cantosalagoas.com.br\/portal\/wp-json\/wp\/v2\/posts\/9169\/revisions"}],"predecessor-version":[{"id":9171,"href":"https:\/\/4cantosalagoas.com.br\/portal\/wp-json\/wp\/v2\/posts\/9169\/revisions\/9171"}],"wp:featuredmedia":[{"embeddable":true,"href":"https:\/\/4cantosalagoas.com.br\/portal\/wp-json\/wp\/v2\/media\/9170"}],"wp:attachment":[{"href":"https:\/\/4cantosalagoas.com.br\/portal\/wp-json\/wp\/v2\/media?parent=9169"}],"wp:term":[{"taxonomy":"category","embeddable":true,"href":"https:\/\/4cantosalagoas.com.br\/portal\/wp-json\/wp\/v2\/categories?post=9169"},{"taxonomy":"post_tag","embeddable":true,"href":"https:\/\/4cantosalagoas.com.br\/portal\/wp-json\/wp\/v2\/tags?post=9169"}],"curies":[{"name":"wp","href":"https:\/\/api.w.org\/{rel}","templated":true}]}}