{"id":9150,"date":"2019-10-26T07:43:11","date_gmt":"2019-10-26T10:43:11","guid":{"rendered":"http:\/\/4cantosalagoas.com.br\/portal\/?p=9150"},"modified":"2019-10-26T07:43:20","modified_gmt":"2019-10-26T10:43:20","slug":"edital-seleciona-folguedos-bandas-e-corais-para-programacao-natalina","status":"publish","type":"post","link":"https:\/\/4cantosalagoas.com.br\/portal\/edital-seleciona-folguedos-bandas-e-corais-para-programacao-natalina\/","title":{"rendered":"Edital seleciona folguedos, bandas e corais para programa\u00e7\u00e3o natalina"},"content":{"rendered":"\n<figure class=\"wp-block-image\"><img fetchpriority=\"high\" decoding=\"async\" width=\"1024\" height=\"683\" src=\"https:\/\/i0.wp.com\/4cantosalagoas.com.br\/portal\/wp-content\/uploads\/2019\/10\/boi.jpg?fit=1024%2C683\" alt=\"\" class=\"wp-image-9151\" srcset=\"https:\/\/4cantosalagoas.com.br\/portal\/wp-content\/uploads\/2019\/10\/boi.jpg 1024w, https:\/\/4cantosalagoas.com.br\/portal\/wp-content\/uploads\/2019\/10\/boi-300x200.jpg 300w, https:\/\/4cantosalagoas.com.br\/portal\/wp-content\/uploads\/2019\/10\/boi-768x512.jpg 768w\" sizes=\"(max-width: 1024px) 100vw, 1024px\" \/><figcaption> <br>26\u00aa edi\u00e7\u00e3o do Festival Bumba Meu Boi de Macei\u00f3. Foto: Pei Fon\/ Secom Macei\u00f3 <\/figcaption><\/figure>\n\n\n\n<p>Este ano, o Natal dos Folguedos ser\u00e1 iniciado no dia 23 de novembro e ter\u00e1 sua programa\u00e7\u00e3o estendida at\u00e9 o dia 22 de dezembro. Al\u00e9m dos tradicionais grupos da Cultura Popular, o evento contar\u00e1 tamb\u00e9m com a participa\u00e7\u00e3o de bandas locais e de corais. Todas as atra\u00e7\u00f5es est\u00e3o sendo selecionadas por meio de um edital de credenciamento lan\u00e7ado na \u00faltima quarta-feira (23).<\/p>\n\n\n\n<p>A chamada p\u00fablica, lan\u00e7ada pela Prefeitura de Macei\u00f3, por meio da Funda\u00e7\u00e3o Municipal de A\u00e7\u00e3o Cultural (Fmac), ir\u00e1 destinar R$258.500 a 90 grupos de folguedo, 16 bandas locais e 16 corais.<\/p>\n\n\n\n<p>Os interessados devem apresentar suas propostas na sede da Funda\u00e7\u00e3o, que fica localizada na Avenida da Paz, n\u00ba 900, Jaragu\u00e1, das 8h \u00e0s 14h, at\u00e9 o dia 7 de novembro.<\/p>\n\n\n\n<p>Devido \u00e0 aproxima\u00e7\u00e3o da data de abertura do Natal dos Folguedos, o prazo estabelecido para inscri\u00e7\u00f5es n\u00e3o ser\u00e1 prorrogado e por isso, a Funda\u00e7\u00e3o recomenda que os candidatos se antecipem e apresentem suas propostas o mais r\u00e1pido poss\u00edvel.<\/p>\n\n\n\n<p>No momento da inscri\u00e7\u00e3o, devem ser entregues dois envelopes: o primeiro (A) com os documentos de regularidade fiscal e habilita\u00e7\u00e3o jur\u00eddica, e o segundo (B) com os documentos necess\u00e1rios para avalia\u00e7\u00e3o de qualifica\u00e7\u00e3o t\u00e9cnica.<\/p>\n\n\n\n<p>Confira&nbsp;<a href=\"http:\/\/www.maceio.al.gov.br\/edital-natal-dos-folguedos\/\"><strong>aqui<\/strong><\/a>&nbsp;o edital e seus respectivos anexos.<\/p>\n\n\n\n<p>Robson Muller\/ Ascom FMAC<\/p>\n","protected":false},"excerpt":{"rendered":"<p>Este ano, o Natal dos Folguedos ser\u00e1 iniciado no dia 23 de novembro e ter\u00e1 sua programa\u00e7\u00e3o<\/p>\n","protected":false},"author":1,"featured_media":9151,"comment_status":"open","ping_status":"open","sticky":false,"template":"","format":"standard","meta":{"footnotes":""},"categories":[60],"tags":[],"class_list":["post-9150","post","type-post","status-publish","format-standard","has-post-thumbnail","hentry","category-capa"],"_links":{"self":[{"href":"https:\/\/4cantosalagoas.com.br\/portal\/wp-json\/wp\/v2\/posts\/9150","targetHints":{"allow":["GET"]}}],"collection":[{"href":"https:\/\/4cantosalagoas.com.br\/portal\/wp-json\/wp\/v2\/posts"}],"about":[{"href":"https:\/\/4cantosalagoas.com.br\/portal\/wp-json\/wp\/v2\/types\/post"}],"author":[{"embeddable":true,"href":"https:\/\/4cantosalagoas.com.br\/portal\/wp-json\/wp\/v2\/users\/1"}],"replies":[{"embeddable":true,"href":"https:\/\/4cantosalagoas.com.br\/portal\/wp-json\/wp\/v2\/comments?post=9150"}],"version-history":[{"count":1,"href":"https:\/\/4cantosalagoas.com.br\/portal\/wp-json\/wp\/v2\/posts\/9150\/revisions"}],"predecessor-version":[{"id":9152,"href":"https:\/\/4cantosalagoas.com.br\/portal\/wp-json\/wp\/v2\/posts\/9150\/revisions\/9152"}],"wp:featuredmedia":[{"embeddable":true,"href":"https:\/\/4cantosalagoas.com.br\/portal\/wp-json\/wp\/v2\/media\/9151"}],"wp:attachment":[{"href":"https:\/\/4cantosalagoas.com.br\/portal\/wp-json\/wp\/v2\/media?parent=9150"}],"wp:term":[{"taxonomy":"category","embeddable":true,"href":"https:\/\/4cantosalagoas.com.br\/portal\/wp-json\/wp\/v2\/categories?post=9150"},{"taxonomy":"post_tag","embeddable":true,"href":"https:\/\/4cantosalagoas.com.br\/portal\/wp-json\/wp\/v2\/tags?post=9150"}],"curies":[{"name":"wp","href":"https:\/\/api.w.org\/{rel}","templated":true}]}}