{"id":9139,"date":"2019-10-24T08:28:58","date_gmt":"2019-10-24T11:28:58","guid":{"rendered":"http:\/\/4cantosalagoas.com.br\/portal\/?p=9139"},"modified":"2019-10-24T08:29:03","modified_gmt":"2019-10-24T11:29:03","slug":"acidente-na-ladeira-da-betel-deixa-duas-vitimas-em-sao-miguel-dos-campos","status":"publish","type":"post","link":"https:\/\/4cantosalagoas.com.br\/portal\/acidente-na-ladeira-da-betel-deixa-duas-vitimas-em-sao-miguel-dos-campos\/","title":{"rendered":"Acidente na \u2018ladeira da Betel\u2019 deixa duas v\u00edtimas em S\u00e3o Miguel dos Campos"},"content":{"rendered":"\n<figure class=\"wp-block-image\"><img fetchpriority=\"high\" decoding=\"async\" width=\"581\" height=\"630\" src=\"http:\/\/4cantosalagoas.com.br\/portal\/wp-content\/uploads\/2019\/10\/betel.jpg\" alt=\"\" class=\"wp-image-9140\" srcset=\"https:\/\/4cantosalagoas.com.br\/portal\/wp-content\/uploads\/2019\/10\/betel.jpg 581w, https:\/\/4cantosalagoas.com.br\/portal\/wp-content\/uploads\/2019\/10\/betel-277x300.jpg 277w\" sizes=\"(max-width: 581px) 100vw, 581px\" \/><figcaption> <br>| Imagens por\u00a0Cortesia ao AlagoasWeb. <\/figcaption><\/figure>\n\n\n\n<p>\n\nUm acidente de tr\u00e2nsito deixou uma v\u00edtima fatal e outra em estado grave na noite desta quarta-feira (23), na avenida Rotary, trecho popularmente conhecido como \u2018ladeira da Betel\u2019, entre a parta baixa e alta de S\u00e3o Miguel dos Campos.<\/p>\n\n\n\n<p>Dois jovens, ainda n\u00e3o identificados, ocupavam uma bicicleta que seguia sentido parte baixa da cidade, quando, supostamente o condutor perdeu o controle do ve\u00edculo. Segundo informa\u00e7\u00f5es de testemunhas, a bicicleta estava em alta velocidade.<\/p>\n\n\n\n<p>Antes de atingir uma cerca de arame farpado, o ve\u00edculo colidiu contra o meio-fio da pista. Com o impacto, as v\u00edtimas sofreram les\u00f5es graves no rosto, al\u00e9m de v\u00e1rias escoria\u00e7\u00f5es e fraturas pelo corpo.<\/p>\n\n\n\n<p>O choque provocou a morte instant\u00e2nea de um dos jovens. E deixou gravemente ferido Jonatas Rodrigues de Lima, de 15 anos.<\/p>\n\n\n\n<p>A segunda v\u00edtima est\u00e1 sendo socorrida atrav\u00e9s do Servi\u00e7o de Atendimento M\u00f3vel de Urg\u00eancia (SAMU). O rapaz j\u00e1 foi imobilizado e deve ser encaminhado direto para o Hospital Geral do Estado (HGE), em Macei\u00f3.<\/p>\n\n\n\n<p>A Pol\u00edcia Militar e SMTT j\u00e1 foram acionadas. O Instituto de Criminal\u00edstica (IC) deve realizar os procedimentos para esclarecer as condi\u00e7\u00f5es em que ocorreu a morte.<\/p>\n\n\n\n<p>\n\n&nbsp;Fonte&nbsp;AlagoasWeb\n\n<\/p>\n","protected":false},"excerpt":{"rendered":"<p>Um acidente de tr\u00e2nsito deixou uma v\u00edtima fatal e outra em estado grave na noite desta quarta-feira<\/p>\n","protected":false},"author":1,"featured_media":9140,"comment_status":"open","ping_status":"open","sticky":false,"template":"","format":"standard","meta":{"footnotes":""},"categories":[60],"tags":[],"class_list":["post-9139","post","type-post","status-publish","format-standard","has-post-thumbnail","hentry","category-capa"],"_links":{"self":[{"href":"https:\/\/4cantosalagoas.com.br\/portal\/wp-json\/wp\/v2\/posts\/9139","targetHints":{"allow":["GET"]}}],"collection":[{"href":"https:\/\/4cantosalagoas.com.br\/portal\/wp-json\/wp\/v2\/posts"}],"about":[{"href":"https:\/\/4cantosalagoas.com.br\/portal\/wp-json\/wp\/v2\/types\/post"}],"author":[{"embeddable":true,"href":"https:\/\/4cantosalagoas.com.br\/portal\/wp-json\/wp\/v2\/users\/1"}],"replies":[{"embeddable":true,"href":"https:\/\/4cantosalagoas.com.br\/portal\/wp-json\/wp\/v2\/comments?post=9139"}],"version-history":[{"count":1,"href":"https:\/\/4cantosalagoas.com.br\/portal\/wp-json\/wp\/v2\/posts\/9139\/revisions"}],"predecessor-version":[{"id":9141,"href":"https:\/\/4cantosalagoas.com.br\/portal\/wp-json\/wp\/v2\/posts\/9139\/revisions\/9141"}],"wp:featuredmedia":[{"embeddable":true,"href":"https:\/\/4cantosalagoas.com.br\/portal\/wp-json\/wp\/v2\/media\/9140"}],"wp:attachment":[{"href":"https:\/\/4cantosalagoas.com.br\/portal\/wp-json\/wp\/v2\/media?parent=9139"}],"wp:term":[{"taxonomy":"category","embeddable":true,"href":"https:\/\/4cantosalagoas.com.br\/portal\/wp-json\/wp\/v2\/categories?post=9139"},{"taxonomy":"post_tag","embeddable":true,"href":"https:\/\/4cantosalagoas.com.br\/portal\/wp-json\/wp\/v2\/tags?post=9139"}],"curies":[{"name":"wp","href":"https:\/\/api.w.org\/{rel}","templated":true}]}}