{"id":9039,"date":"2019-10-17T07:02:45","date_gmt":"2019-10-17T10:02:45","guid":{"rendered":"http:\/\/4cantosalagoas.com.br\/portal\/?p=9039"},"modified":"2019-10-17T07:04:58","modified_gmt":"2019-10-17T10:04:58","slug":"tj-medeia-reuniao-entre-moradores-da-orla-lagunar-e-prefeitura-de-maceio","status":"publish","type":"post","link":"https:\/\/4cantosalagoas.com.br\/portal\/tj-medeia-reuniao-entre-moradores-da-orla-lagunar-e-prefeitura-de-maceio\/","title":{"rendered":"TJ medeia reuni\u00e3o entre moradores da orla lagunar e Prefeitura de Macei\u00f3"},"content":{"rendered":"\n<figure class=\"wp-block-image\"><img fetchpriority=\"high\" decoding=\"async\" width=\"900\" height=\"600\" src=\"http:\/\/4cantosalagoas.com.br\/portal\/wp-content\/uploads\/2019\/10\/tg.jpg\" alt=\"\" class=\"wp-image-9040\" srcset=\"https:\/\/4cantosalagoas.com.br\/portal\/wp-content\/uploads\/2019\/10\/tg.jpg 900w, https:\/\/4cantosalagoas.com.br\/portal\/wp-content\/uploads\/2019\/10\/tg-300x200.jpg 300w, https:\/\/4cantosalagoas.com.br\/portal\/wp-content\/uploads\/2019\/10\/tg-768x512.jpg 768w\" sizes=\"(max-width: 900px) 100vw, 900px\" \/><figcaption> <br>Reuni\u00e3o ocorreu nesta quarta-feira (16), na Presid\u00eancia do TJAL. Foto: Adeildo Lobo <\/figcaption><\/figure>\n\n\n\n<p>O presidente do Tribunal de Justi\u00e7a de Alagoas (TJAL), desembargador Tutm\u00e9s Airan, mediou uma reuni\u00e3o entre moradores da orla lagunar e a Prefeitura de Macei\u00f3. O encontro, que tamb\u00e9m contou com a participa\u00e7\u00e3o do Gerenciamento de Crise da Pol\u00edcia Militar e de representantes da Caixa Econ\u00f4mica Federal, teve como objetivo encontrar solu\u00e7\u00f5es para o conflito envolvendo a constru\u00e7\u00e3o de casas populares na regi\u00e3o.<\/p>\n\n\n\n<p>Entre as reclama\u00e7\u00f5es dos moradores estavam a falta de comunica\u00e7\u00e3o com os \u00f3rg\u00e3os municipais sobre o andamento das obras do conjunto habitacional, a falta de acesso ao contrato com a Caixa e o aumento da inseguran\u00e7a ap\u00f3s serem colocados tapumes ao redor do local onde ser\u00e3o constru\u00eddos os im\u00f3veis. O projeto da Prefeitura pretende construir apartamentos na \u00e1rea onde hoje passa a avenida Senador Rui Palmeira e uma nova pista deve ser pavimentada onde ficam as favelas do entorno da lagoa.<\/p>\n\n\n\n<p>Um dos l\u00edderes comunit\u00e1rios, Samuel Drummond, classificou a reuni\u00e3o como positiva j\u00e1 que tiveram acesso, pela primeira vez em 10 meses, a vers\u00e3o provis\u00f3ria do projeto do conjunto habitacional e a promessa de cria\u00e7\u00e3o de um comit\u00ea de di\u00e1logo com a Prefeitura de Macei\u00f3.<\/p>\n\n\n\n<p>Temos dificuldade de manter esse di\u00e1logo com a Prefeitura de obter as informa\u00e7\u00f5es que precisamos. \u00c9 uma reuni\u00e3o importante porque sa\u00edmos daqui com a cria\u00e7\u00e3o de um f\u00f3rum que mant\u00e9m di\u00e1logo permanente, e esperamos conseguir com isso as solu\u00e7\u00f5es que precisamos. O projeto abarca 1776 moradias e 3 mil barracos cadastrados, fora os que n\u00e3o foram cadastrados. Os tapumes viraram palco de uma viol\u00eancia que tapava a realidade da lagoa, representavam um conflito social.<\/p>\n\n\n\n<p>O secret\u00e1rio-adjunto de Habita\u00e7\u00e3o do Munic\u00edpio de Macei\u00f3, Anderson Ricardo, afirmou que a comunidade participou do projeto desde o in\u00edcio, quando foram eleitos 15 representantes para contribu\u00edrem com o projeto.<\/p>\n\n\n\n<p>\u201cA medida que a obra vai tomando vulto, n\u00f3s fazemos reuni\u00f5es com a comunidade onde repassamos v\u00e1rias informa\u00e7\u00f5es do projeto. A obra sofreu uma paralisa\u00e7\u00e3o por conta da suspens\u00e3o do repasse dos recursos. Eles colocaram a quest\u00e3o dos tapumes que trazem transtorno como qualquer obra traz, mas \u00e9 uma necessidade de isolamento. N\u00e3o h\u00e1 como prosseguir com pessoas transitando no local. Vamos trabalhar com a comunidade para minimizar os problemas que os tapumes podem gerar. Estamos prontos para ouvir a ajudar o m\u00e1ximo que pudermos\u201d, disse.<\/p>\n\n\n\n<p>De acordo com o superintende regional da Caixa Econ\u00f4mica Federal, Rodolfo Santos, o banco est\u00e1 com contrato assinado e aguarda autoriza\u00e7\u00e3o para que a obra seja retomada. \u201cAtualmente temos uma pequena parte da obra j\u00e1 executada, o que foi bom porque os contratos que n\u00e3o tiveram obra iniciada, ainda dos assinados em dezembro passado, foram destratados. Esta foi uma obra que n\u00e3o foi alvo desse destrato por conta de j\u00e1 ter sido iniciada. Temos expectativas de que, a m\u00e9dio prazo, consigamos a libera\u00e7\u00e3o para o efetivo andamento dessa obra\u201d, disse.<\/p>\n\n\n\n<p><strong>Robertta Farias \u2013 Dicom TJAL<\/strong><\/p>\n","protected":false},"excerpt":{"rendered":"<p>O presidente do Tribunal de Justi\u00e7a de Alagoas (TJAL), desembargador Tutm\u00e9s Airan, mediou uma reuni\u00e3o entre moradores<\/p>\n","protected":false},"author":1,"featured_media":9040,"comment_status":"open","ping_status":"open","sticky":false,"template":"","format":"standard","meta":{"footnotes":""},"categories":[4],"tags":[],"class_list":["post-9039","post","type-post","status-publish","format-standard","has-post-thumbnail","hentry","category-noticias"],"_links":{"self":[{"href":"https:\/\/4cantosalagoas.com.br\/portal\/wp-json\/wp\/v2\/posts\/9039","targetHints":{"allow":["GET"]}}],"collection":[{"href":"https:\/\/4cantosalagoas.com.br\/portal\/wp-json\/wp\/v2\/posts"}],"about":[{"href":"https:\/\/4cantosalagoas.com.br\/portal\/wp-json\/wp\/v2\/types\/post"}],"author":[{"embeddable":true,"href":"https:\/\/4cantosalagoas.com.br\/portal\/wp-json\/wp\/v2\/users\/1"}],"replies":[{"embeddable":true,"href":"https:\/\/4cantosalagoas.com.br\/portal\/wp-json\/wp\/v2\/comments?post=9039"}],"version-history":[{"count":1,"href":"https:\/\/4cantosalagoas.com.br\/portal\/wp-json\/wp\/v2\/posts\/9039\/revisions"}],"predecessor-version":[{"id":9041,"href":"https:\/\/4cantosalagoas.com.br\/portal\/wp-json\/wp\/v2\/posts\/9039\/revisions\/9041"}],"wp:featuredmedia":[{"embeddable":true,"href":"https:\/\/4cantosalagoas.com.br\/portal\/wp-json\/wp\/v2\/media\/9040"}],"wp:attachment":[{"href":"https:\/\/4cantosalagoas.com.br\/portal\/wp-json\/wp\/v2\/media?parent=9039"}],"wp:term":[{"taxonomy":"category","embeddable":true,"href":"https:\/\/4cantosalagoas.com.br\/portal\/wp-json\/wp\/v2\/categories?post=9039"},{"taxonomy":"post_tag","embeddable":true,"href":"https:\/\/4cantosalagoas.com.br\/portal\/wp-json\/wp\/v2\/tags?post=9039"}],"curies":[{"name":"wp","href":"https:\/\/api.w.org\/{rel}","templated":true}]}}