{"id":9026,"date":"2019-10-16T10:55:52","date_gmt":"2019-10-16T13:55:52","guid":{"rendered":"http:\/\/4cantosalagoas.com.br\/portal\/?p=9026"},"modified":"2019-10-16T10:56:06","modified_gmt":"2019-10-16T13:56:06","slug":"prefeitura-executa-obras-de-pavimentacao-na-rua-do-sol","status":"publish","type":"post","link":"https:\/\/4cantosalagoas.com.br\/portal\/prefeitura-executa-obras-de-pavimentacao-na-rua-do-sol\/","title":{"rendered":"Prefeitura executa obras de pavimenta\u00e7\u00e3o na Rua do Sol"},"content":{"rendered":"\n<figure class=\"wp-block-image\"><img fetchpriority=\"high\" decoding=\"async\" width=\"1024\" height=\"683\" src=\"https:\/\/i0.wp.com\/4cantosalagoas.com.br\/portal\/wp-content\/uploads\/2019\/10\/ria.jpg?fit=1024%2C683\" alt=\"\" class=\"wp-image-9027\" srcset=\"https:\/\/4cantosalagoas.com.br\/portal\/wp-content\/uploads\/2019\/10\/ria.jpg 1024w, https:\/\/4cantosalagoas.com.br\/portal\/wp-content\/uploads\/2019\/10\/ria-300x200.jpg 300w, https:\/\/4cantosalagoas.com.br\/portal\/wp-content\/uploads\/2019\/10\/ria-768x512.jpg 768w\" sizes=\"(max-width: 1024px) 100vw, 1024px\" \/><figcaption> <br>Prefeito Rui Palmeira vistoria obra de recapeamento no Centro de Macei\u00f3. Foto:Marco Antonio\/Secom Macei\u00f3 <\/figcaption><\/figure>\n\n\n\n<p> A Rua do Sol, uma das vias mais importantes do Centro de Macei\u00f3, come\u00e7ou a receber novo asfalto na noite dessa ter\u00e7a-feira (15). Homens e m\u00e1quinas da Secretaria Municipal de Infraestrutura (Seminfra) deram continuidade ao Programa Nova Macei\u00f3, que vai levar pavimenta\u00e7\u00e3o para mais de 400 ruas na capital. <\/p>\n\n\n\n<p>As obras s\u00e3o executadas \u00e0 noite para n\u00e3o prejudicar o fluxo de ve\u00edculos no corredor de transporte e n\u00e3o causar transtornos \u00e0 popula\u00e7\u00e3o durante o dia.<\/p>\n\n\n\n<figure class=\"wp-block-image\"><img decoding=\"async\" src=\"http:\/\/www.maceio.al.gov.br\/wp-content\/uploads\/2019\/10\/jpg\/2019\/10\/15MA-Prefeito-vistoria-recapeamento-no-Centro-38-300x200.jpg\" alt=\"\" class=\"wp-image-329174\"\/><\/figure>\n\n\n\n<p>Prefeito Rui Palmeira vistoria obra de recapeamento no Centro de Macei\u00f3. Foto:Marco Antonio\/Secom Macei\u00f3<\/p>\n\n\n\n<p>\u201cContinuamos trabalhando no Centro da cidade, sempre no per\u00edodo noturno. A princ\u00edpio seriam nove vias beneficiadas, mas ampliamos esse trabalho na regi\u00e3o para 13 ruas, dada a import\u00e2ncia da obra. \u00c9 grande a quantidade de carros, \u00f4nibus, motos e pessoas que circulam no Centro. Vamos fazer um grande trabalho de recapeamento em algumas vias que h\u00e1 15 ou 20 anos n\u00e3o recebiam um tratamento como este\u201d, disse o prefeito Rui Palmeira, que vistoriou os trabalhos na noite dessa ter\u00e7a.<\/p>\n\n\n\n<figure class=\"wp-block-image\"><img decoding=\"async\" src=\"http:\/\/www.maceio.al.gov.br\/wp-content\/uploads\/2019\/10\/jpg\/2019\/10\/15MA-Prefeito-vistoria-recapeamento-no-Centro-76-300x200.jpg\" alt=\"\" class=\"wp-image-329176\"\/><\/figure>\n\n\n\n<p>Prefeito Rui Palmeira vistoria obra de recapeamento no Centro de Macei\u00f3. Foto:Marco Antonio\/Secom Macei\u00f3<\/p>\n\n\n\n<p>Quem passa pelo Centro de Macei\u00f3 j\u00e1 percebe a diferen\u00e7a em algumas ruas. Com o Nova Macei\u00f3, j\u00e1 foram conclu\u00eddos o recapeamento no Beco S\u00e3o Jos\u00e9, Rua Domingos Moeda, mais conhecida como Beco da Moeda, e na Rua Bar\u00e3o de Penedo. Outras obras est\u00e3o em andamento nas Ruas Bar\u00e3o de Anadia e Cincinato Pinto, duas das principais vias que ligam o Centro \u00e0 Praia da Avenida.<\/p>\n\n\n\n<figure class=\"wp-block-image\"><img decoding=\"async\" src=\"http:\/\/www.maceio.al.gov.br\/wp-content\/uploads\/2019\/10\/jpg\/2019\/10\/15MA-Prefeito-vistoria-recapeamento-no-Centro-124-300x200.jpg\" alt=\"\" class=\"wp-image-329189\"\/><\/figure>\n\n\n\n<p>Prefeito Rui Palmeira vistoria obra de recapeamento no Centro de Macei\u00f3. Foto:Marco Antonio\/Secom Macei\u00f3<\/p>\n\n\n\n<p>Lan\u00e7ado em agosto deste ano, o Programa Nova Macei\u00f3 levar\u00e1 obras de infraestrutura para mais de 400 ruas da capital alagoana. Os recursos s\u00e3o provenientes do Banco de Desenvolvimento da Am\u00e9rica Latina (CAF), Banco do Brasil, Codevasf e Governo Federal, al\u00e9m de recursos pr\u00f3prios da Prefeitura de Macei\u00f3.<\/p>\n\n\n\n<p>Fl\u00e1via Farias \/ Secom Macei\u00f3<\/p>\n","protected":false},"excerpt":{"rendered":"<p>A Rua do Sol, uma das vias mais importantes do Centro de Macei\u00f3, come\u00e7ou a receber novo<\/p>\n","protected":false},"author":1,"featured_media":9027,"comment_status":"open","ping_status":"open","sticky":false,"template":"","format":"standard","meta":{"footnotes":""},"categories":[4],"tags":[],"class_list":["post-9026","post","type-post","status-publish","format-standard","has-post-thumbnail","hentry","category-noticias"],"_links":{"self":[{"href":"https:\/\/4cantosalagoas.com.br\/portal\/wp-json\/wp\/v2\/posts\/9026","targetHints":{"allow":["GET"]}}],"collection":[{"href":"https:\/\/4cantosalagoas.com.br\/portal\/wp-json\/wp\/v2\/posts"}],"about":[{"href":"https:\/\/4cantosalagoas.com.br\/portal\/wp-json\/wp\/v2\/types\/post"}],"author":[{"embeddable":true,"href":"https:\/\/4cantosalagoas.com.br\/portal\/wp-json\/wp\/v2\/users\/1"}],"replies":[{"embeddable":true,"href":"https:\/\/4cantosalagoas.com.br\/portal\/wp-json\/wp\/v2\/comments?post=9026"}],"version-history":[{"count":1,"href":"https:\/\/4cantosalagoas.com.br\/portal\/wp-json\/wp\/v2\/posts\/9026\/revisions"}],"predecessor-version":[{"id":9028,"href":"https:\/\/4cantosalagoas.com.br\/portal\/wp-json\/wp\/v2\/posts\/9026\/revisions\/9028"}],"wp:featuredmedia":[{"embeddable":true,"href":"https:\/\/4cantosalagoas.com.br\/portal\/wp-json\/wp\/v2\/media\/9027"}],"wp:attachment":[{"href":"https:\/\/4cantosalagoas.com.br\/portal\/wp-json\/wp\/v2\/media?parent=9026"}],"wp:term":[{"taxonomy":"category","embeddable":true,"href":"https:\/\/4cantosalagoas.com.br\/portal\/wp-json\/wp\/v2\/categories?post=9026"},{"taxonomy":"post_tag","embeddable":true,"href":"https:\/\/4cantosalagoas.com.br\/portal\/wp-json\/wp\/v2\/tags?post=9026"}],"curies":[{"name":"wp","href":"https:\/\/api.w.org\/{rel}","templated":true}]}}