{"id":9006,"date":"2019-10-15T07:47:32","date_gmt":"2019-10-15T10:47:32","guid":{"rendered":"http:\/\/4cantosalagoas.com.br\/portal\/?p=9006"},"modified":"2019-10-15T07:47:43","modified_gmt":"2019-10-15T10:47:43","slug":"policia-civil-prende-homem-envolvido-em-crime-de-latrocinio","status":"publish","type":"post","link":"https:\/\/4cantosalagoas.com.br\/portal\/policia-civil-prende-homem-envolvido-em-crime-de-latrocinio\/","title":{"rendered":"Pol\u00edcia Civil prende homem envolvido em crime de latroc\u00ednio"},"content":{"rendered":"\n<figure class=\"wp-block-image\"><img fetchpriority=\"high\" decoding=\"async\" width=\"730\" height=\"411\" src=\"http:\/\/4cantosalagoas.com.br\/portal\/wp-content\/uploads\/2019\/07\/DER-DEIC-.jpeg\" alt=\"\" class=\"wp-image-8097\" srcset=\"https:\/\/4cantosalagoas.com.br\/portal\/wp-content\/uploads\/2019\/07\/DER-DEIC-.jpeg 730w, https:\/\/4cantosalagoas.com.br\/portal\/wp-content\/uploads\/2019\/07\/DER-DEIC--300x169.jpeg 300w\" sizes=\"(max-width: 730px) 100vw, 730px\" \/><figcaption>Assessoria<\/figcaption><\/figure>\n\n\n\n<p>Policiais civis da Delegacia Especializada de Roubos da Capital (DERC ) prenderam, no final da tarde de sexta-feira (11), Cassiano Cardoso Ten\u00f3rio, de 29 anos, pelo envolvimento em um crime de latroc\u00ednio ocorrido no inicio deste ano. A v\u00edtima,&nbsp; Ramiro Ferreira de Carvalho Neto, foi morta a tiros dentro de seu estabelecimento comercial, no bairro do Clima Bom, em Macei\u00f3.<\/p>\n\n\n\n<p>Cassiano foi preso, no bairro de Mangabeiras, na Capital, em cumprimento a mandado de pris\u00e3o expedido&nbsp;pela 6\u00aa Vara Criminal da Capital, ap\u00f3s investiga\u00e7\u00f5es realizadas pela Delegacia Especializada de Roubos da Capital.<\/p>\n\n\n\n<p>O delegado Jos\u00e9 Carlos, titular da DERC, disse que Ramiro foi assassinado quando reagiu a um crime de roubo no dia 13 de fevereiro deste ano, em sua barbearia. \u201cDois indiv\u00edduos, usando uma motocicleta, al\u00e9m de levarem pertences&nbsp; da v\u00edtima, atiraram nela a sangue frio\u201d, frisou a autoridade policial.<\/p>\n\n\n\n<p>\u201cSegundo as investiga\u00e7\u00f5es, compostas por provas materiais e testemunhais, Cassiano esteve no local do crime e, minutos ap\u00f3s a morte da v\u00edtima, entregou o aparelho celular roubado na a\u00e7\u00e3o para Wanderlan Cipriano, tio da v\u00edtima, e que est\u00e1 preso tamb\u00e9m pelo latroc\u00ednio. Wanderlan foi indiciado na condi\u00e7\u00e3o de mandante da pr\u00e1tica do crime de roubo que causou a morte do pr\u00f3prio sobrinho\u201d, destacou o delegado Jos\u00e9 Carlos.<\/p>\n\n\n\n<p>De acordo com os investigadores da PC, Cassiano nega autoria do crime, mas confirma ter entregue o aparelho celular da v\u00edtima a Wandrlan. A Pol\u00edcia acredita que Cassiano dirigia a moto usada no crime.<\/p>\n\n\n\n<p>As investiga\u00e7\u00f5es ainda est\u00e3o em andamento j\u00e1 que o segundo envolvido na execu\u00e7\u00e3o do crime ainda n\u00e3o foi identificado.<\/p>\n\n\n\n<p>O delegado disse ainda que Cassiano foi indiciado pela DERC em outro inqu\u00e9rito por recepta\u00e7\u00e3o qualificada de compra e venda de aparelhos celulares roubados, e poder\u00e1 responder a outros crimes semelhantes j\u00e1 que h\u00e1 provas de que ele continuava com a mesma pr\u00e1tica.<\/p>\n\n\n\n<p>Assessoria<\/p>\n","protected":false},"excerpt":{"rendered":"<p>Policiais civis da Delegacia Especializada de Roubos da Capital (DERC ) prenderam, no final da tarde de<\/p>\n","protected":false},"author":1,"featured_media":7095,"comment_status":"open","ping_status":"open","sticky":false,"template":"","format":"standard","meta":{"footnotes":""},"categories":[60],"tags":[],"class_list":["post-9006","post","type-post","status-publish","format-standard","has-post-thumbnail","hentry","category-capa"],"_links":{"self":[{"href":"https:\/\/4cantosalagoas.com.br\/portal\/wp-json\/wp\/v2\/posts\/9006","targetHints":{"allow":["GET"]}}],"collection":[{"href":"https:\/\/4cantosalagoas.com.br\/portal\/wp-json\/wp\/v2\/posts"}],"about":[{"href":"https:\/\/4cantosalagoas.com.br\/portal\/wp-json\/wp\/v2\/types\/post"}],"author":[{"embeddable":true,"href":"https:\/\/4cantosalagoas.com.br\/portal\/wp-json\/wp\/v2\/users\/1"}],"replies":[{"embeddable":true,"href":"https:\/\/4cantosalagoas.com.br\/portal\/wp-json\/wp\/v2\/comments?post=9006"}],"version-history":[{"count":1,"href":"https:\/\/4cantosalagoas.com.br\/portal\/wp-json\/wp\/v2\/posts\/9006\/revisions"}],"predecessor-version":[{"id":9007,"href":"https:\/\/4cantosalagoas.com.br\/portal\/wp-json\/wp\/v2\/posts\/9006\/revisions\/9007"}],"wp:featuredmedia":[{"embeddable":true,"href":"https:\/\/4cantosalagoas.com.br\/portal\/wp-json\/wp\/v2\/media\/7095"}],"wp:attachment":[{"href":"https:\/\/4cantosalagoas.com.br\/portal\/wp-json\/wp\/v2\/media?parent=9006"}],"wp:term":[{"taxonomy":"category","embeddable":true,"href":"https:\/\/4cantosalagoas.com.br\/portal\/wp-json\/wp\/v2\/categories?post=9006"},{"taxonomy":"post_tag","embeddable":true,"href":"https:\/\/4cantosalagoas.com.br\/portal\/wp-json\/wp\/v2\/tags?post=9006"}],"curies":[{"name":"wp","href":"https:\/\/api.w.org\/{rel}","templated":true}]}}