{"id":8957,"date":"2019-10-10T11:38:59","date_gmt":"2019-10-10T14:38:59","guid":{"rendered":"http:\/\/4cantosalagoas.com.br\/portal\/?p=8957"},"modified":"2019-10-10T11:39:07","modified_gmt":"2019-10-10T14:39:07","slug":"acao-integrada-prende-dois-acusados-de-trafico-de-drogas","status":"publish","type":"post","link":"https:\/\/4cantosalagoas.com.br\/portal\/acao-integrada-prende-dois-acusados-de-trafico-de-drogas\/","title":{"rendered":"A\u00e7\u00e3o integrada prende dois acusados de tr\u00e1fico de drogas"},"content":{"rendered":"\n<figure class=\"wp-block-image\"><img fetchpriority=\"high\" decoding=\"async\" width=\"960\" height=\"1280\" src=\"https:\/\/i2.wp.com\/4cantosalagoas.com.br\/portal\/wp-content\/uploads\/2019\/10\/palha\u00e7o.jpg?fit=768%2C1024\" alt=\"\" class=\"wp-image-8958\" srcset=\"https:\/\/4cantosalagoas.com.br\/portal\/wp-content\/uploads\/2019\/10\/palha\u00e7o.jpg 960w, https:\/\/4cantosalagoas.com.br\/portal\/wp-content\/uploads\/2019\/10\/palha\u00e7o-225x300.jpg 225w, https:\/\/4cantosalagoas.com.br\/portal\/wp-content\/uploads\/2019\/10\/palha\u00e7o-768x1024.jpg 768w\" sizes=\"(max-width: 960px) 100vw, 960px\" \/><figcaption> <br><em>Um dos presos tem uma tatuagem de palha\u00e7o nas costas, indica\u00e7\u00e3o de que possivelmente j\u00e1 matou policial (Foto: ASCOM\/PC)<\/em> <\/figcaption><\/figure>\n\n\n\n<p>Uma a\u00e7\u00e3o integrada das pol\u00edcias Civil e Militar resultou na pris\u00e3o, na noite desta quarta-feira (9), de dois homens acusadas de tr\u00e1fico de drogas.<\/p>\n\n\n\n<p>Roniel da Concei\u00e7\u00e3o, de 31 anos, e Paulo Lucas dos Santos, 21 anos, foram presos na localidade Grota do Cigano, no bairro do Jacintinho.<\/p>\n\n\n\n<p>Com eles, os policiais encontraram quatro balan\u00e7as de precis\u00e3o, coca\u00edna, maconha e crack.<\/p>\n\n\n\n<p>Um dos homens preso tem uma tatuagem de palha\u00e7o nas costas. Aqueles criminosos que possuem esta tatuagem costumam ter passagens na pol\u00edcia por morte de policiais, roubo e forma\u00e7\u00e3o de quadrilha.<\/p>\n\n\n\n<p>costumam ter passagens na pol\u00edcia por morte de policiais, roubo e forma\u00e7\u00e3o de quadrilha<\/p>\n\n\n\n<p>A opera\u00e7\u00e3o mobilizou policiais civis e militares do t\u00e1tico do Batalh\u00e3o de Policia Rodovi\u00e1ria (BPRv), da Pol\u00edcia Militar.<\/p>\n\n\n\n<p>Os acusados foram autuados e permanecem, agora, \u00e0 disposi\u00e7\u00e3o da Justi\u00e7a.<\/p>\n\n\n\n<p>Assessoria<\/p>\n","protected":false},"excerpt":{"rendered":"<p>Uma a\u00e7\u00e3o integrada das pol\u00edcias Civil e Militar resultou na pris\u00e3o, na noite desta quarta-feira (9), de<\/p>\n","protected":false},"author":1,"featured_media":8958,"comment_status":"open","ping_status":"open","sticky":false,"template":"","format":"standard","meta":{"footnotes":""},"categories":[60],"tags":[],"class_list":["post-8957","post","type-post","status-publish","format-standard","has-post-thumbnail","hentry","category-capa"],"_links":{"self":[{"href":"https:\/\/4cantosalagoas.com.br\/portal\/wp-json\/wp\/v2\/posts\/8957","targetHints":{"allow":["GET"]}}],"collection":[{"href":"https:\/\/4cantosalagoas.com.br\/portal\/wp-json\/wp\/v2\/posts"}],"about":[{"href":"https:\/\/4cantosalagoas.com.br\/portal\/wp-json\/wp\/v2\/types\/post"}],"author":[{"embeddable":true,"href":"https:\/\/4cantosalagoas.com.br\/portal\/wp-json\/wp\/v2\/users\/1"}],"replies":[{"embeddable":true,"href":"https:\/\/4cantosalagoas.com.br\/portal\/wp-json\/wp\/v2\/comments?post=8957"}],"version-history":[{"count":1,"href":"https:\/\/4cantosalagoas.com.br\/portal\/wp-json\/wp\/v2\/posts\/8957\/revisions"}],"predecessor-version":[{"id":8959,"href":"https:\/\/4cantosalagoas.com.br\/portal\/wp-json\/wp\/v2\/posts\/8957\/revisions\/8959"}],"wp:featuredmedia":[{"embeddable":true,"href":"https:\/\/4cantosalagoas.com.br\/portal\/wp-json\/wp\/v2\/media\/8958"}],"wp:attachment":[{"href":"https:\/\/4cantosalagoas.com.br\/portal\/wp-json\/wp\/v2\/media?parent=8957"}],"wp:term":[{"taxonomy":"category","embeddable":true,"href":"https:\/\/4cantosalagoas.com.br\/portal\/wp-json\/wp\/v2\/categories?post=8957"},{"taxonomy":"post_tag","embeddable":true,"href":"https:\/\/4cantosalagoas.com.br\/portal\/wp-json\/wp\/v2\/tags?post=8957"}],"curies":[{"name":"wp","href":"https:\/\/api.w.org\/{rel}","templated":true}]}}