{"id":8883,"date":"2019-10-05T19:11:32","date_gmt":"2019-10-05T22:11:32","guid":{"rendered":"http:\/\/4cantosalagoas.com.br\/portal\/?p=8883"},"modified":"2019-10-05T19:11:45","modified_gmt":"2019-10-05T22:11:45","slug":"policia-civil-prende-homem-acusado-de-agredir-pais-idosos-em-maceio","status":"publish","type":"post","link":"https:\/\/4cantosalagoas.com.br\/portal\/policia-civil-prende-homem-acusado-de-agredir-pais-idosos-em-maceio\/","title":{"rendered":"Pol\u00edcia Civil prende homem acusado de agredir pais idosos em Macei\u00f3"},"content":{"rendered":"\n<figure class=\"wp-block-image\"><img fetchpriority=\"high\" decoding=\"async\" width=\"696\" height=\"426\" src=\"http:\/\/4cantosalagoas.com.br\/portal\/wp-content\/uploads\/2019\/07\/civl-2.jpg\" alt=\"\" class=\"wp-image-8154\" srcset=\"https:\/\/4cantosalagoas.com.br\/portal\/wp-content\/uploads\/2019\/07\/civl-2.jpg 696w, https:\/\/4cantosalagoas.com.br\/portal\/wp-content\/uploads\/2019\/07\/civl-2-300x184.jpg 300w\" sizes=\"(max-width: 696px) 100vw, 696px\" \/><figcaption>Assessoria<\/figcaption><\/figure>\n\n\n\n<p>Policiais civis, lotados na Delegacia Geral, prenderam nesta sexta-feira (4)&nbsp; um homem acusado de agredir os pais idosos, de mais de 80 anos.<\/p>\n\n\n\n<p>Daniel Firmino dos Santos, de 37 anos, teve a pris\u00e3o preventiva decretada pela ju\u00edza Emanuela Porangaba, 14\u00aa Vara Criminal da Capital, a pedido do Minist\u00e9rio P\u00fablico Estadual, sendo encontrado e preso em sua casa, localizada na Travessa Franco Jatob\u00e1, 242, no bairro do Prado, em Macei\u00f3.<\/p>\n\n\n\n<p>Daniel j\u00e1 havia sido preso, em flagrante, no dia 8 de janeiro de 2015, por agredir o pai Jos\u00e9 Firmino dos Santos, de 86 anos. A m\u00e3e Josefa Maria de Souza tamb\u00e9m foi v\u00edtima dos maus-tratos impostos pelo filho.<\/p>\n\n\n\n<p>De acordo com o processo, no dia 9 de setembro passado, um oficial de justi\u00e7a foi tratado de forma agressiva quando tentava entregar uma intima\u00e7\u00e3o \u00e0 m\u00e3e do acusado, que na ocasi\u00e3o apresentava sinais de embriaguez.<\/p>\n\n\n\n<p>Al\u00e9m de ofender o funcion\u00e1rio da justi\u00e7a, ele ainda arrastou e trancou a m\u00e3e dentro de casa para que n\u00e3o assinasse o documento.<\/p>\n\n\n\n<p>Daniel j\u00e1 responde a pelo menos 20 outros casos de crimes de les\u00e3o corporal e amea\u00e7a.<\/p>\n\n\n\n<p>Ap\u00f3s ser preso, o acusado foi levado para a Central de Flagrantes 1, no bairro do Farol, onde est\u00e1 \u00e0 disposi\u00e7\u00e3o da Justi\u00e7a.<\/p>\n\n\n\n<p>Assessoria<\/p>\n","protected":false},"excerpt":{"rendered":"<p>Policiais civis, lotados na Delegacia Geral, prenderam nesta sexta-feira (4)&nbsp; um homem acusado de agredir os pais<\/p>\n","protected":false},"author":1,"featured_media":8154,"comment_status":"open","ping_status":"open","sticky":false,"template":"","format":"standard","meta":{"footnotes":""},"categories":[60],"tags":[],"class_list":["post-8883","post","type-post","status-publish","format-standard","has-post-thumbnail","hentry","category-capa"],"_links":{"self":[{"href":"https:\/\/4cantosalagoas.com.br\/portal\/wp-json\/wp\/v2\/posts\/8883","targetHints":{"allow":["GET"]}}],"collection":[{"href":"https:\/\/4cantosalagoas.com.br\/portal\/wp-json\/wp\/v2\/posts"}],"about":[{"href":"https:\/\/4cantosalagoas.com.br\/portal\/wp-json\/wp\/v2\/types\/post"}],"author":[{"embeddable":true,"href":"https:\/\/4cantosalagoas.com.br\/portal\/wp-json\/wp\/v2\/users\/1"}],"replies":[{"embeddable":true,"href":"https:\/\/4cantosalagoas.com.br\/portal\/wp-json\/wp\/v2\/comments?post=8883"}],"version-history":[{"count":1,"href":"https:\/\/4cantosalagoas.com.br\/portal\/wp-json\/wp\/v2\/posts\/8883\/revisions"}],"predecessor-version":[{"id":8884,"href":"https:\/\/4cantosalagoas.com.br\/portal\/wp-json\/wp\/v2\/posts\/8883\/revisions\/8884"}],"wp:featuredmedia":[{"embeddable":true,"href":"https:\/\/4cantosalagoas.com.br\/portal\/wp-json\/wp\/v2\/media\/8154"}],"wp:attachment":[{"href":"https:\/\/4cantosalagoas.com.br\/portal\/wp-json\/wp\/v2\/media?parent=8883"}],"wp:term":[{"taxonomy":"category","embeddable":true,"href":"https:\/\/4cantosalagoas.com.br\/portal\/wp-json\/wp\/v2\/categories?post=8883"},{"taxonomy":"post_tag","embeddable":true,"href":"https:\/\/4cantosalagoas.com.br\/portal\/wp-json\/wp\/v2\/tags?post=8883"}],"curies":[{"name":"wp","href":"https:\/\/api.w.org\/{rel}","templated":true}]}}