{"id":8879,"date":"2019-10-04T08:06:54","date_gmt":"2019-10-04T11:06:54","guid":{"rendered":"http:\/\/4cantosalagoas.com.br\/portal\/?p=8879"},"modified":"2019-10-04T08:07:04","modified_gmt":"2019-10-04T11:07:04","slug":"dia-de-finados-cadastro-de-ambulantes-termina-nesta-sexta","status":"publish","type":"post","link":"https:\/\/4cantosalagoas.com.br\/portal\/dia-de-finados-cadastro-de-ambulantes-termina-nesta-sexta\/","title":{"rendered":"Dia de Finados: cadastro de ambulantes termina nesta sexta"},"content":{"rendered":"\n<figure class=\"wp-block-image\"><img fetchpriority=\"high\" decoding=\"async\" width=\"768\" height=\"576\" src=\"http:\/\/4cantosalagoas.com.br\/portal\/wp-content\/uploads\/2019\/10\/cemer.jpeg\" alt=\"\" class=\"wp-image-8880\" srcset=\"https:\/\/4cantosalagoas.com.br\/portal\/wp-content\/uploads\/2019\/10\/cemer.jpeg 768w, https:\/\/4cantosalagoas.com.br\/portal\/wp-content\/uploads\/2019\/10\/cemer-300x225.jpeg 300w\" sizes=\"(max-width: 768px) 100vw, 768px\" \/><figcaption> <br>Com\u00e9rcio ambulante em torno dos Cemit\u00e9rios precisa de autoriza\u00e7\u00e3o. Foto: Ascom Semscs. <\/figcaption><\/figure>\n\n\n\n<p>Termina nesta sexta-feira (04) o prazo para credenciamento de ambulantes que desejam trabalhar nos entornos dos cemit\u00e9rios p\u00fablicos e privados de Macei\u00f3 no Dia de Finados. O Edital de Chamamento dos Ambulantes foi publicado na edi\u00e7\u00e3o de 23 de setembro do Di\u00e1rio Oficial do Munic\u00edpio. As inscri\u00e7\u00f5es est\u00e3o sendo realizadas na Sede da Secretaria Municipal de Seguran\u00e7a Comunit\u00e1ria e Conv\u00edvio Social (Semscs), das 8h \u00e0s 14h, \u00e0 Rua Alexandre Passos, s\/n, bairro do Jaragu\u00e1.<\/p>\n\n\n\n<p>A coordenadora de autoriza\u00e7\u00e3o para o Exerc\u00edcio de Atividades em Logradouros P\u00fablicos da Semscs, Lucin\u00e9ia da Silva, destaca a import\u00e2ncia de cumprir os prazos. \u201cOs ambulantes que j\u00e1 deram entrada no processo, a partir desta sexta-feira (04) j\u00e1 podem vir buscar, na Secretaria, o boleto com as taxas. O prazo para pagamento vai at\u00e9 o dia 20 de outubro e as autoriza\u00e7\u00f5es ser\u00e3o emitidas a partir do dia 21\u201d, explica.<\/p>\n\n\n\n<p>A coordenadora ressaltou que haver\u00e1 fiscaliza\u00e7\u00e3o e que os ambulantes precisam estar devidamente regularizados. \u201cPrecisamos manter o ordenamento, ent\u00e3o \u00e9 preciso que as pessoas fiquem cientes de que vai haver fiscaliza\u00e7\u00e3o no dia e que elas precisam estar regularizadas, para n\u00e3o sofrerem penalidades\u201d, disse Lucin\u00e9ia.<\/p>\n\n\n\n<p><strong>Documenta\u00e7\u00e3o<\/strong><\/p>\n\n\n\n<p>Para realizar o cadastro, os ambulantes devem dirigir-se \u00e0 sede da Semscs com originais e c\u00f3pias de RG, CPF e comprovante de resid\u00eancia, al\u00e9m de duas fotos 3\u00d74. Devem apresentar, tamb\u00e9m, declara\u00e7\u00e3o de quita\u00e7\u00e3o da taxa de uso de solo p\u00fablico e discriminar o tipo de com\u00e9rcio e equipamento a ser utilizado, al\u00e9m de declarar o local, dia e hor\u00e1rio onde realizar\u00e1 o com\u00e9rcio.<\/p>\n\n\n\n<p>Os ambulantes que j\u00e1 possuem cadastro na Semscs, feito a partir de janeiro de 2019, ficam dispensados de apresentar os documentos pessoais e as fotos. Eles devem apresentar apenas a declara\u00e7\u00e3o de quita\u00e7\u00e3o da taxa de uso de solo p\u00fablico.<\/p>\n\n\n\n<p>Ascom Semscs<\/p>\n","protected":false},"excerpt":{"rendered":"<p>Termina nesta sexta-feira (04) o prazo para credenciamento de ambulantes que desejam trabalhar nos entornos dos cemit\u00e9rios<\/p>\n","protected":false},"author":1,"featured_media":8880,"comment_status":"open","ping_status":"open","sticky":false,"template":"","format":"standard","meta":{"footnotes":""},"categories":[60],"tags":[],"class_list":["post-8879","post","type-post","status-publish","format-standard","has-post-thumbnail","hentry","category-capa"],"_links":{"self":[{"href":"https:\/\/4cantosalagoas.com.br\/portal\/wp-json\/wp\/v2\/posts\/8879","targetHints":{"allow":["GET"]}}],"collection":[{"href":"https:\/\/4cantosalagoas.com.br\/portal\/wp-json\/wp\/v2\/posts"}],"about":[{"href":"https:\/\/4cantosalagoas.com.br\/portal\/wp-json\/wp\/v2\/types\/post"}],"author":[{"embeddable":true,"href":"https:\/\/4cantosalagoas.com.br\/portal\/wp-json\/wp\/v2\/users\/1"}],"replies":[{"embeddable":true,"href":"https:\/\/4cantosalagoas.com.br\/portal\/wp-json\/wp\/v2\/comments?post=8879"}],"version-history":[{"count":1,"href":"https:\/\/4cantosalagoas.com.br\/portal\/wp-json\/wp\/v2\/posts\/8879\/revisions"}],"predecessor-version":[{"id":8881,"href":"https:\/\/4cantosalagoas.com.br\/portal\/wp-json\/wp\/v2\/posts\/8879\/revisions\/8881"}],"wp:featuredmedia":[{"embeddable":true,"href":"https:\/\/4cantosalagoas.com.br\/portal\/wp-json\/wp\/v2\/media\/8880"}],"wp:attachment":[{"href":"https:\/\/4cantosalagoas.com.br\/portal\/wp-json\/wp\/v2\/media?parent=8879"}],"wp:term":[{"taxonomy":"category","embeddable":true,"href":"https:\/\/4cantosalagoas.com.br\/portal\/wp-json\/wp\/v2\/categories?post=8879"},{"taxonomy":"post_tag","embeddable":true,"href":"https:\/\/4cantosalagoas.com.br\/portal\/wp-json\/wp\/v2\/tags?post=8879"}],"curies":[{"name":"wp","href":"https:\/\/api.w.org\/{rel}","templated":true}]}}