{"id":8876,"date":"2019-10-04T07:42:49","date_gmt":"2019-10-04T10:42:49","guid":{"rendered":"http:\/\/4cantosalagoas.com.br\/portal\/?p=8876"},"modified":"2019-10-04T07:43:00","modified_gmt":"2019-10-04T10:43:00","slug":"corrida-rosa-inscricoes-seguem-ate-a-proxima-segunda-feira","status":"publish","type":"post","link":"https:\/\/4cantosalagoas.com.br\/portal\/corrida-rosa-inscricoes-seguem-ate-a-proxima-segunda-feira\/","title":{"rendered":"Corrida Rosa: inscri\u00e7\u00f5es seguem at\u00e9 a pr\u00f3xima segunda-feira"},"content":{"rendered":"\n<figure class=\"wp-block-image\"><img fetchpriority=\"high\" decoding=\"async\" width=\"1024\" height=\"683\" src=\"https:\/\/i0.wp.com\/4cantosalagoas.com.br\/portal\/wp-content\/uploads\/2019\/10\/corridar.jpg?fit=1024%2C683\" alt=\"\" class=\"wp-image-8877\" srcset=\"https:\/\/4cantosalagoas.com.br\/portal\/wp-content\/uploads\/2019\/10\/corridar.jpg 1024w, https:\/\/4cantosalagoas.com.br\/portal\/wp-content\/uploads\/2019\/10\/corridar-300x200.jpg 300w, https:\/\/4cantosalagoas.com.br\/portal\/wp-content\/uploads\/2019\/10\/corridar-768x512.jpg 768w\" sizes=\"(max-width: 1024px) 100vw, 1024px\" \/><figcaption> <br>Evento faz parte da programa\u00e7\u00e3o da campanha Macei\u00f3 Rosa. Foto: Pei Fon\/ Secom Macei\u00f3 <\/figcaption><\/figure>\n\n\n\n<p> As inscri\u00e7\u00f5es para a quinta edi\u00e7\u00e3o da Corrida Rosa, promovida pela Prefeitura de Macei\u00f3, seguem at\u00e9\u00a0 a pr\u00f3xima segunda-feira (07). \u00a0O evento acontecer\u00e1 no dia 12 de outubro, na orla da Paju\u00e7ara, e deve reunir mil participantes. A Corrida faz parte da programa\u00e7\u00e3o do Macei\u00f3 Rosa, campanha de conscientiza\u00e7\u00e3o sobre a import\u00e2ncia da preven\u00e7\u00e3o e do diagn\u00f3stico precoce do c\u00e2ncer de mama. Fa\u00e7a a inscri\u00e7\u00e3o\u00a0<a href=\"https:\/\/contime.com.br\/eventos\/corrida-e-caminhada-maceio-rosa-2019\/\">aqui<\/a>. <\/p>\n\n\n\n<p>A concentra\u00e7\u00e3o ser\u00e1 na Pra\u00e7a Multieventos a partir das 16h com atividades infantis no Espa\u00e7o Kids. A largada da prova principal ser\u00e1 \u00e0s 19h com um percurso de 5km e dura\u00e7\u00e3o de 1h, al\u00e9m da categoria caminhada com percurso livre. Os cinco primeiros colocados na prova principal receber\u00e3o trof\u00e9us e todos os participantes receber\u00e3o medalhas. A idade m\u00ednima para participa\u00e7\u00e3o na corrida \u00e9 de 14 anos.<\/p>\n\n\n\n<p>O prefeito Rui Palmeira lembra que o maior objetivo \u00e9 conscientizar sobre o cuidado com a sa\u00fade. \u201cA Corrida Rosa \u00e9 um dos momentos mais empolgantes da campanha. A pr\u00e1tica esportiva \u00e9 um dos aportes que elevam a autoestima e, com certeza, essa mobiliza\u00e7\u00e3o ajuda na conscientiza\u00e7\u00e3o sobre a preven\u00e7\u00e3o e o diagn\u00f3stico precoce do c\u00e2ncer de mama\u201d, afirma o gestor.<\/p>\n\n\n\n<figure class=\"wp-block-image\"><a href=\"http:\/\/www.maceio.al.gov.br\/wp-content\/uploads\/2018\/10\/jpg\/2018\/10\/25102018-Rui-Palmeira-PF-0006.jpg\"><img decoding=\"async\" src=\"http:\/\/www.maceio.al.gov.br\/wp-content\/uploads\/2018\/10\/jpg\/2018\/10\/25102018-Rui-Palmeira-PF-0006.jpg\" alt=\"\" class=\"wp-image-271549\"\/><\/a><\/figure>\n\n\n\n<p>Rui Palmeira destaca objetivo da Corrida Rosa que \u00e9 conscientizar sobre o diagn\u00f3stico precoce do c\u00e2ncer de mama.<br>Foto: Pei Fon\/ Secom Macei\u00f3<\/p>\n\n\n\n<p>As inscri\u00e7\u00f5es da Corrida Rosa seguem segunda-feira ou at\u00e9 atingir o limite de vagas dispon\u00edveis, pelo site&nbsp;<a href=\"https:\/\/contime.com.br\/eventos\/corrida-e-caminhada-maceio-rosa-2019\/\">https:\/\/contime.com.br\/eventos\/corrida-e-caminhada-maceio-rosa-2019\/<\/a>&nbsp;e ser\u00e3o efetuadas ap\u00f3s a confirma\u00e7\u00e3o do pagamento da taxa de R$ 40. Os participantes devem retirar os kits na sexta-feira (11) no quiosque em frente \u00e0 Loja Renner, no Macei\u00f3 Shopping, com apresenta\u00e7\u00e3o do documento de confirma\u00e7\u00e3o de inscri\u00e7\u00e3o, recibo de pagamento e RG.<\/p>\n\n\n\n<p>Toda renda de inscri\u00e7\u00f5es ser\u00e1 repassada para o Grupo de Mama Renascer e a Casa Rosa, que participam da campanha. As duas institui\u00e7\u00f5es n\u00e3o governamentais atuam na rede de aten\u00e7\u00e3o \u00e0s mulheres com c\u00e2ncer de mama, oferecendo suporte \u00e0s pacientes durante o tratamento em Macei\u00f3. A Corrida Rosa \u00e9 organizado por meio da Secretaria Municipal de Turismo, Esporte e Lazer (Semtel) e Associa\u00e7\u00e3o dos Triatletas de Alagoas (Aetri). Mais informa\u00e7\u00f5es sobre o evento podem ser obtidos pelo telefone (82) 3315-6019.<\/p>\n\n\n\n<p><strong>Macei\u00f3 Rosa<\/strong><\/p>\n\n\n\n<p>Desde 2014, o m\u00eas de outubro tem um significado especial para a sa\u00fade p\u00fablica em Macei\u00f3. Um conjunto de a\u00e7\u00f5es \u00e9 promovido pela Prefeitura para conscientizar a popula\u00e7\u00e3o maceioense sobre a import\u00e2ncia da preven\u00e7\u00e3o e do diagn\u00f3stico precoce do c\u00e2ncer de mama. O Macei\u00f3 Rosa promove o acesso aos servi\u00e7os de Sa\u00fade da mulher e realiza atividades educativas, esportivas, culturais, promocionais e motivacionais, em parceria com institui\u00e7\u00f5es p\u00fablicas, privadas e do terceiro setor. Acesse a p\u00e1gina da campanha&nbsp;<a href=\"http:\/\/www.maceio.al.gov.br\/maceiorosa\/\">aqui<\/a>.<\/p>\n\n\n\n<p>Secom Macei\u00f3<\/p>\n\n\n\n<p><\/p>\n","protected":false},"excerpt":{"rendered":"<p>As inscri\u00e7\u00f5es para a quinta edi\u00e7\u00e3o da Corrida Rosa, promovida pela Prefeitura de Macei\u00f3, seguem at\u00e9\u00a0 a<\/p>\n","protected":false},"author":1,"featured_media":8877,"comment_status":"open","ping_status":"open","sticky":false,"template":"","format":"standard","meta":{"footnotes":""},"categories":[60,5],"tags":[],"class_list":["post-8876","post","type-post","status-publish","format-standard","has-post-thumbnail","hentry","category-capa","category-maceio"],"_links":{"self":[{"href":"https:\/\/4cantosalagoas.com.br\/portal\/wp-json\/wp\/v2\/posts\/8876","targetHints":{"allow":["GET"]}}],"collection":[{"href":"https:\/\/4cantosalagoas.com.br\/portal\/wp-json\/wp\/v2\/posts"}],"about":[{"href":"https:\/\/4cantosalagoas.com.br\/portal\/wp-json\/wp\/v2\/types\/post"}],"author":[{"embeddable":true,"href":"https:\/\/4cantosalagoas.com.br\/portal\/wp-json\/wp\/v2\/users\/1"}],"replies":[{"embeddable":true,"href":"https:\/\/4cantosalagoas.com.br\/portal\/wp-json\/wp\/v2\/comments?post=8876"}],"version-history":[{"count":1,"href":"https:\/\/4cantosalagoas.com.br\/portal\/wp-json\/wp\/v2\/posts\/8876\/revisions"}],"predecessor-version":[{"id":8878,"href":"https:\/\/4cantosalagoas.com.br\/portal\/wp-json\/wp\/v2\/posts\/8876\/revisions\/8878"}],"wp:featuredmedia":[{"embeddable":true,"href":"https:\/\/4cantosalagoas.com.br\/portal\/wp-json\/wp\/v2\/media\/8877"}],"wp:attachment":[{"href":"https:\/\/4cantosalagoas.com.br\/portal\/wp-json\/wp\/v2\/media?parent=8876"}],"wp:term":[{"taxonomy":"category","embeddable":true,"href":"https:\/\/4cantosalagoas.com.br\/portal\/wp-json\/wp\/v2\/categories?post=8876"},{"taxonomy":"post_tag","embeddable":true,"href":"https:\/\/4cantosalagoas.com.br\/portal\/wp-json\/wp\/v2\/tags?post=8876"}],"curies":[{"name":"wp","href":"https:\/\/api.w.org\/{rel}","templated":true}]}}