{"id":8832,"date":"2019-10-01T07:49:04","date_gmt":"2019-10-01T10:49:04","guid":{"rendered":"http:\/\/4cantosalagoas.com.br\/portal\/?p=8832"},"modified":"2019-10-01T07:49:14","modified_gmt":"2019-10-01T10:49:14","slug":"xvii-congresso-brasileiro-de-folclore-tem-inicio-nesta-quarta","status":"publish","type":"post","link":"https:\/\/4cantosalagoas.com.br\/portal\/xvii-congresso-brasileiro-de-folclore-tem-inicio-nesta-quarta\/","title":{"rendered":"XVII Congresso Brasileiro de Folclore tem in\u00edcio nesta quarta"},"content":{"rendered":"\n<figure class=\"wp-block-image\"><img fetchpriority=\"high\" decoding=\"async\" width=\"964\" height=\"643\" src=\"http:\/\/4cantosalagoas.com.br\/portal\/wp-content\/uploads\/2019\/10\/quarta.jpg\" alt=\"\" class=\"wp-image-8833\" srcset=\"https:\/\/4cantosalagoas.com.br\/portal\/wp-content\/uploads\/2019\/10\/quarta.jpg 964w, https:\/\/4cantosalagoas.com.br\/portal\/wp-content\/uploads\/2019\/10\/quarta-300x200.jpg 300w, https:\/\/4cantosalagoas.com.br\/portal\/wp-content\/uploads\/2019\/10\/quarta-768x512.jpg 768w\" sizes=\"(max-width: 964px) 100vw, 964px\" \/><figcaption>Macei\u00f3 200 Anos &#8211; O Video Mapping fez proje\u00e7\u00f5es da cidade de Macei\u00f3.  \rFoto: Pei Fon\/ Secom Macei\u00f3<\/figcaption><\/figure>\n\n\n\n<p>Macei\u00f3 foi a cidade escolhida para sediar o XVII Congresso Brasileiro de Folclore, que acontece a partir desta quarta-feira (2), no pr\u00e9dio da Associa\u00e7\u00e3o Comercial de Macei\u00f3, em Jaragu\u00e1. O evento \u00e9 uma realiza\u00e7\u00e3o da Comiss\u00e3o Alagoana de Folclore (CAF) e conta com o apoio da Prefeitura de Macei\u00f3, por meio da Funda\u00e7\u00e3o Municipal de A\u00e7\u00e3o Cultural (Fmac).<\/p>\n\n\n\n<p>Em sua XVII edi\u00e7\u00e3o, o congresso ir\u00e1 abordar o tema \u201cFolguedos Populares: Tradicionalidade e Dinamicidade\u201d com confer\u00eancias, palestras, debates e apresenta\u00e7\u00f5es culturais. Ap\u00f3s a abertura oficial, que acontece no primeiro dia do evento, a partir das 19h30, ser\u00e3o realizadas diversas atividades na quinta e na sexta-feira, das 8h \u00e0s 17h.<\/p>\n\n\n\n<p>Os interessados em participar do congresso podem se inscrever no endere\u00e7o eletr\u00f4nico&nbsp;<a href=\"https:\/\/doity.com.br\/xviicongressobrasileirodefolclore\">https:\/\/doity.com.br\/xviicongressobrasileirodefolclore<\/a>. De acordo com a organiza\u00e7\u00e3o evento, haver\u00e1 emiss\u00e3o de certificados para todos os participantes.<\/p>\n\n\n\n<p>Confira<a href=\"http:\/\/www.maceio.al.gov.br\/wp-content\/uploads\/2019\/09\/pdf\/2019\/09\/Congresso-Brasileiro-de-Foclore-2019.pdf\" target=\"_blank\" rel=\"noreferrer noopener\"><strong>&nbsp;aqui<\/strong><\/a>&nbsp;a programa\u00e7\u00e3o completa.<\/p>\n\n\n\n<p>Robson Muller\/ Ascom Fmac<\/p>\n","protected":false},"excerpt":{"rendered":"<p>Macei\u00f3 foi a cidade escolhida para sediar o XVII Congresso Brasileiro de Folclore, que acontece a partir<\/p>\n","protected":false},"author":1,"featured_media":8833,"comment_status":"open","ping_status":"open","sticky":false,"template":"","format":"standard","meta":{"footnotes":""},"categories":[5],"tags":[],"class_list":["post-8832","post","type-post","status-publish","format-standard","has-post-thumbnail","hentry","category-maceio"],"_links":{"self":[{"href":"https:\/\/4cantosalagoas.com.br\/portal\/wp-json\/wp\/v2\/posts\/8832","targetHints":{"allow":["GET"]}}],"collection":[{"href":"https:\/\/4cantosalagoas.com.br\/portal\/wp-json\/wp\/v2\/posts"}],"about":[{"href":"https:\/\/4cantosalagoas.com.br\/portal\/wp-json\/wp\/v2\/types\/post"}],"author":[{"embeddable":true,"href":"https:\/\/4cantosalagoas.com.br\/portal\/wp-json\/wp\/v2\/users\/1"}],"replies":[{"embeddable":true,"href":"https:\/\/4cantosalagoas.com.br\/portal\/wp-json\/wp\/v2\/comments?post=8832"}],"version-history":[{"count":1,"href":"https:\/\/4cantosalagoas.com.br\/portal\/wp-json\/wp\/v2\/posts\/8832\/revisions"}],"predecessor-version":[{"id":8834,"href":"https:\/\/4cantosalagoas.com.br\/portal\/wp-json\/wp\/v2\/posts\/8832\/revisions\/8834"}],"wp:featuredmedia":[{"embeddable":true,"href":"https:\/\/4cantosalagoas.com.br\/portal\/wp-json\/wp\/v2\/media\/8833"}],"wp:attachment":[{"href":"https:\/\/4cantosalagoas.com.br\/portal\/wp-json\/wp\/v2\/media?parent=8832"}],"wp:term":[{"taxonomy":"category","embeddable":true,"href":"https:\/\/4cantosalagoas.com.br\/portal\/wp-json\/wp\/v2\/categories?post=8832"},{"taxonomy":"post_tag","embeddable":true,"href":"https:\/\/4cantosalagoas.com.br\/portal\/wp-json\/wp\/v2\/tags?post=8832"}],"curies":[{"name":"wp","href":"https:\/\/api.w.org\/{rel}","templated":true}]}}