{"id":8829,"date":"2019-10-01T07:42:26","date_gmt":"2019-10-01T10:42:26","guid":{"rendered":"http:\/\/4cantosalagoas.com.br\/portal\/?p=8829"},"modified":"2019-10-01T07:42:32","modified_gmt":"2019-10-01T10:42:32","slug":"o-teatro-arena-sergio-cardoso-recebe-o-cantautor-paraibano-naldinho-freire","status":"publish","type":"post","link":"https:\/\/4cantosalagoas.com.br\/portal\/o-teatro-arena-sergio-cardoso-recebe-o-cantautor-paraibano-naldinho-freire\/","title":{"rendered":"O Teatro Arena S\u00e9rgio Cardoso recebe o cantautor paraibano Naldinho Freire"},"content":{"rendered":"\n<figure class=\"wp-block-image\"><img fetchpriority=\"high\" decoding=\"async\" width=\"436\" height=\"387\" src=\"http:\/\/4cantosalagoas.com.br\/portal\/wp-content\/uploads\/2019\/10\/cublijha.jpg\" alt=\"\" class=\"wp-image-8830\" srcset=\"https:\/\/4cantosalagoas.com.br\/portal\/wp-content\/uploads\/2019\/10\/cublijha.jpg 436w, https:\/\/4cantosalagoas.com.br\/portal\/wp-content\/uploads\/2019\/10\/cublijha-300x266.jpg 300w\" sizes=\"(max-width: 436px) 100vw, 436px\" \/><figcaption>Assessoria<\/figcaption><\/figure>\n\n\n\n<p>\n\nO Teatro Arena S\u00e9rgio Cardoso vai receber no dia 02 de outubro o show do cantautor paraibano Naldinho Freire, que est\u00e1 realizando a turn\u00ea de promo\u00e7\u00e3o do seu Cd \u201csem chumbos nos p\u00e9s\u201d pelos estados no nordeste. As 12 faixas do CD &nbsp;prop\u00f5em um di\u00e1logo entre as can\u00e7\u00f5es atrav\u00e9s do viol\u00e3o e elementos da m\u00fasica eletr\u00f4nica. O show est\u00e1 marcado pra \u00e0s 21h e contar\u00e1 com a participa\u00e7\u00e3o especial de Gabriel Freire e Alex Mono. O ingresso custa R$ 20,00 e ser\u00e1 vendido na hora do evento.<\/p>\n\n\n\n<p>\u201csem chumbo nos p\u00e9s\u201d \u00e9 o quarto \u00e1lbum do cantor desde o lan\u00e7amento do seu primeiro trabalho, o LP \u201cLapidar\u201d, em 1995, que levou sua musicalidade para o Brasil e para a Europa. Atrav\u00e9s da parceria com o SESC Alagoas, Naldinho teve a oportunidade de lan\u00e7ar o CD Viandante em 2005, no projeto Misa Ac\u00fastico. Em 2006 lan\u00e7ou o CD Ra\u00edzes, resultado de sua pesquisa com base na de tradi\u00e7\u00e3o oral do nordeste brasileiro que integra a Cole\u00e7\u00e3o Mem\u00f3ria Musical do SESC.<\/p>\n\n\n\n<p>Ap\u00f3s passar pela Cidade da Praia, em Cabo Verde, e Rio de Janeiro, com os primeiros shows e atividades de promo\u00e7\u00e3o do seu novo CD, e depois de levar o seu trabalho musical para pa\u00edses como \u00c1frica, Fran\u00e7a, Holanda e Portugal, Naldinho Freire continuar\u00e1 em turn\u00ea de divulga\u00e7\u00e3o do CD \u201csem chumbo nos p\u00e9s\u201d pelos estados do Rio Grande do Norte, Para\u00edba, Pernambuco, Alagoas e Bahia no meses de setembro e outubro a proporcionar m\u00fasica e a realizar rodas de conversa com o p\u00fablico nordestino.<\/p>\n\n\n\n<p>A turn\u00ea no Nordeste do Brasil tem a produ\u00e7\u00e3o de Keka Rabelo Produ\u00e7\u00e3o e Assessoria de Comunica\u00e7\u00e3o, Designer Gr\u00e1fico Pam Guimar\u00e3es e Parceiros Culturais: UFRN, ETA \u2013 UFAL, Sesi Bahia, Teatro da Cultura Popular Chico Daniel, Teatro de Arena S\u00e9rgio Cardoso, DITEAL, FMAC, Funda\u00e7\u00e3o Jos\u00e9 Augusto &#8211; FJA, Grupo Pau e Lata, Quintal Cultural, Bardallos, Resist\u00eancia Cervejaria, Por\u00e3o das Artes, A Casa Vai Cair, Slow Hostel, Beberibe Bar e Comedoria, Caf\u00e9 Liberal, A Budega, A Caverna e Projeto Incurs\u00e3o Cultural.<\/p>\n\n\n\n<p>Para mais informa\u00e7\u00f5es, entrar em contato por&nbsp;<a href=\"mailto:keka_rrpp@hotmail.com\" target=\"_blank\" rel=\"noreferrer noopener\">keka_rrpp@hotmail.com<\/a>&nbsp;ou +55 (82) 9 8849 2085\/ (91) 9 9311 1227<\/p>\n\n\n\n<p>Servi\u00e7o Teatro de Arena<\/p>\n\n\n\n<p>02\/10 &#8211; Macei\u00f3\/AL<br>Teatro de Arena S\u00e9rgio Cardoso &#8211; 20h<br>Pra\u00e7a Marechal Deodoro, S\/N \u2013 Centro<br>Ingressos: 20,00<\/p>\n\n\n\n<p>Um pouco mais sobre o trabalho de Naldinho nos links:<br>Website:&nbsp;<a href=\"https:\/\/medium.com\/naldinhofreire\" target=\"_blank\" rel=\"noreferrer noopener\">https:\/\/medium.com\/naldinhofreire<\/a><br>Fanpage:&nbsp;<a href=\"https:\/\/www.facebook.com\/naldinhofreireoficial\" target=\"_blank\" rel=\"noreferrer noopener\">https:\/\/www.facebook.com\/naldinhofreireoficial<\/a><br>Instagram:&nbsp;<a href=\"https:\/\/www.instagram.com\/naldinhofreireoficial\" target=\"_blank\" rel=\"noreferrer noopener\">https:\/\/www.instagram.com\/naldinhofreireoficial<\/a><br>Spotify:&nbsp;<a href=\"https:\/\/open.spotify.com\/album\/09gwMXBZij3JwWWcZNYslI\" target=\"_blank\" rel=\"noreferrer noopener\">https:\/\/open.spotify.com\/album\/09gwMXBZij3JwWWcZNYslI<\/a><br>Youtube:&nbsp;<a href=\"https:\/\/www.youtube.com\/user\/naldinho2566\" target=\"_blank\" rel=\"noreferrer noopener\">https:\/\/www.youtube.com\/user\/naldinho2566<\/a>&nbsp;\/<br><a href=\"https:\/\/www.youtube.com\/channel\/UCP_6cyWEW-Mb4rg0I0YKjhQ\" target=\"_blank\" rel=\"noreferrer noopener\">https:\/\/www.youtube.com\/channel\/UCP_6cyWEW-Mb4rg0I0YKjhQ<\/a><\/p>\n\n\n\n<p>O \u00e1lbum sem chumbo nos p\u00e9s &#8211; Naldinho Freire nas plataformas virtuais abaixo e \u00e0 venda nas Lojas Na Figueredo e Fox:<br><a href=\"https:\/\/open.spotify.com\/album\/09gwMXBZij3JwWWcZNYslI\" target=\"_blank\" rel=\"noreferrer noopener\">https:\/\/open.spotify.com\/album\/09gwMXBZij3JwWWcZNYslI<\/a><br><a href=\"https:\/\/www.deezer.com\/us\/album\/95772962\" target=\"_blank\" rel=\"noreferrer noopener\">https:\/\/www.deezer.com\/us\/album\/95772962<\/a><br><a href=\"https:\/\/music.apple.com\/br\/album\/sem-chumbo-nos-p%C3%A9s\/1462439809\" target=\"_blank\" rel=\"noreferrer noopener\">https:\/\/music.apple.com\/br\/album\/sem-chumbo-nos-p%C3%A9s\/1462439809<\/a><br><a href=\"https:\/\/www.youtube.com\/playlist?list=OLAK5uy_n-mtmWWA_HZ_OlVfPGpggbHpeHzH1yx80\" target=\"_blank\" rel=\"noreferrer noopener\">https:\/\/www.youtube.com\/playlist?list=OLAK5uy_n-mtmWWA_HZ_OlVfPGpggbHpeHzH1yx80<\/a><\/p>\n","protected":false},"excerpt":{"rendered":"<p>O Teatro Arena S\u00e9rgio Cardoso vai receber no dia 02 de outubro o show do cantautor paraibano<\/p>\n","protected":false},"author":1,"featured_media":8830,"comment_status":"open","ping_status":"open","sticky":false,"template":"","format":"standard","meta":{"footnotes":""},"categories":[5],"tags":[],"class_list":["post-8829","post","type-post","status-publish","format-standard","has-post-thumbnail","hentry","category-maceio"],"_links":{"self":[{"href":"https:\/\/4cantosalagoas.com.br\/portal\/wp-json\/wp\/v2\/posts\/8829","targetHints":{"allow":["GET"]}}],"collection":[{"href":"https:\/\/4cantosalagoas.com.br\/portal\/wp-json\/wp\/v2\/posts"}],"about":[{"href":"https:\/\/4cantosalagoas.com.br\/portal\/wp-json\/wp\/v2\/types\/post"}],"author":[{"embeddable":true,"href":"https:\/\/4cantosalagoas.com.br\/portal\/wp-json\/wp\/v2\/users\/1"}],"replies":[{"embeddable":true,"href":"https:\/\/4cantosalagoas.com.br\/portal\/wp-json\/wp\/v2\/comments?post=8829"}],"version-history":[{"count":1,"href":"https:\/\/4cantosalagoas.com.br\/portal\/wp-json\/wp\/v2\/posts\/8829\/revisions"}],"predecessor-version":[{"id":8831,"href":"https:\/\/4cantosalagoas.com.br\/portal\/wp-json\/wp\/v2\/posts\/8829\/revisions\/8831"}],"wp:featuredmedia":[{"embeddable":true,"href":"https:\/\/4cantosalagoas.com.br\/portal\/wp-json\/wp\/v2\/media\/8830"}],"wp:attachment":[{"href":"https:\/\/4cantosalagoas.com.br\/portal\/wp-json\/wp\/v2\/media?parent=8829"}],"wp:term":[{"taxonomy":"category","embeddable":true,"href":"https:\/\/4cantosalagoas.com.br\/portal\/wp-json\/wp\/v2\/categories?post=8829"},{"taxonomy":"post_tag","embeddable":true,"href":"https:\/\/4cantosalagoas.com.br\/portal\/wp-json\/wp\/v2\/tags?post=8829"}],"curies":[{"name":"wp","href":"https:\/\/api.w.org\/{rel}","templated":true}]}}