{"id":8826,"date":"2019-09-28T19:57:39","date_gmt":"2019-09-28T22:57:39","guid":{"rendered":"http:\/\/4cantosalagoas.com.br\/portal\/?p=8826"},"modified":"2019-09-28T19:57:49","modified_gmt":"2019-09-28T22:57:49","slug":"maceio-rosa-campanha-sera-aberta-oficialmente-nesta-terca-feira","status":"publish","type":"post","link":"https:\/\/4cantosalagoas.com.br\/portal\/maceio-rosa-campanha-sera-aberta-oficialmente-nesta-terca-feira\/","title":{"rendered":"Macei\u00f3 Rosa: campanha ser\u00e1 aberta oficialmente nesta ter\u00e7a-feira"},"content":{"rendered":"\n<figure class=\"wp-block-image\"><img fetchpriority=\"high\" decoding=\"async\" width=\"696\" height=\"388\" src=\"http:\/\/4cantosalagoas.com.br\/portal\/wp-content\/uploads\/2019\/09\/ababa.jpg\" alt=\"\" class=\"wp-image-8827\" srcset=\"https:\/\/4cantosalagoas.com.br\/portal\/wp-content\/uploads\/2019\/09\/ababa.jpg 696w, https:\/\/4cantosalagoas.com.br\/portal\/wp-content\/uploads\/2019\/09\/ababa-300x167.jpg 300w\" sizes=\"(max-width: 696px) 100vw, 696px\" \/><figcaption>Assessoria<\/figcaption><\/figure>\n\n\n\n<p>Neste m\u00eas de outubro, Macei\u00f3 se veste de rosa para a campanha de preven\u00e7\u00e3o e combate ao c\u00e2ncer de mama. E para dar in\u00edcio \u00e0s a\u00e7\u00f5es de cuidado com a sa\u00fade da mulher, a Prefeitura de Macei\u00f3 e a Secretaria Municipal de Sa\u00fade (SMS) promovem o lan\u00e7amento oficial da campanha, nesta ter\u00e7a-feira (1\u00ba), \u00e0s 8h, na sede da SMS, localizada no Centro.<\/p>\n\n\n\n<p>O evento contar\u00e1 com a presen\u00e7a do prefeito Rui Palmeira, da primeira-dama Tatiana Palmeira, do secret\u00e1rio Municipal de Sa\u00fade Jos\u00e9 Thomaz Non\u00f4, gestores da SMS, al\u00e9m de convidados e de representantes de todas as unidades de sa\u00fade de Macei\u00f3. Criado em 2014, o Macei\u00f3 Rosa faz alus\u00e3o \u00e0 campanha internacional Outubro Rosa e \u00e9 um conjunto de atividades de mobiliza\u00e7\u00e3o para a preven\u00e7\u00e3o, diagn\u00f3stico precoce e tratamento do c\u00e2ncer de mama.<\/p>\n\n\n\n<p>A programa\u00e7\u00e3o contar\u00e1 com abertura oficial, apresenta\u00e7\u00e3o cultural do coral Em Canto e da drag queen Paty Maionese, mostra de experi\u00eancias exitosas realizadas nas unidades de sa\u00fade da capital, e depoimento das servidoras sobre a supera\u00e7\u00e3o do c\u00e2ncer de mama.<\/p>\n\n\n\n<p>De acordo com o secret\u00e1rio, as a\u00e7\u00f5es do Outubro Rosa j\u00e1 se tornaram tradi\u00e7\u00e3o e a inten\u00e7\u00e3o \u00e9 trazer, a cada ano, mais e melhores servi\u00e7os. \u201cCuidar da sa\u00fade \u00e9 fundamental. Neste m\u00eas, trazemos esse cuidado e aten\u00e7\u00e3o para a mulher, lembrando que a preven\u00e7\u00e3o e o diagn\u00f3stico precoce podem salvar vidas\u201d, frisa.<\/p>\n\n\n\n<p>Al\u00e9m da abertura, o m\u00eas contar\u00e1 com diversas a\u00e7\u00f5es da Prefeitura, envolvendo v\u00e1rias secretarias. Ver\u00f4nica Brand\u00e3o, coordenadora de Sa\u00fade da Mulher, explica que al\u00e9m das a\u00e7\u00f5es realizadas em outros momentos, as unidades de sa\u00fade receber\u00e3o as pacientes para um dia de cuidados especiais no dia 19 de outubro.<\/p>\n\n\n\n<p>\u201cNeste dia teremos consultas, citologias, solicita\u00e7\u00f5es de mamografia de rastreamento, testes r\u00e1pidos, verifica\u00e7\u00e3o de press\u00e3o e glicemia, entre outras atividades, que podem variar de uma unidade a outra\u201d, pontua a coordenadora.<\/p>\n\n\n\n<p>Graziela Fran\u00e7a\/ Ascom SMS<\/p>\n","protected":false},"excerpt":{"rendered":"<p>Neste m\u00eas de outubro, Macei\u00f3 se veste de rosa para a campanha de preven\u00e7\u00e3o e combate ao<\/p>\n","protected":false},"author":1,"featured_media":0,"comment_status":"open","ping_status":"open","sticky":false,"template":"","format":"standard","meta":{"footnotes":""},"categories":[5],"tags":[],"class_list":["post-8826","post","type-post","status-publish","format-standard","hentry","category-maceio"],"_links":{"self":[{"href":"https:\/\/4cantosalagoas.com.br\/portal\/wp-json\/wp\/v2\/posts\/8826","targetHints":{"allow":["GET"]}}],"collection":[{"href":"https:\/\/4cantosalagoas.com.br\/portal\/wp-json\/wp\/v2\/posts"}],"about":[{"href":"https:\/\/4cantosalagoas.com.br\/portal\/wp-json\/wp\/v2\/types\/post"}],"author":[{"embeddable":true,"href":"https:\/\/4cantosalagoas.com.br\/portal\/wp-json\/wp\/v2\/users\/1"}],"replies":[{"embeddable":true,"href":"https:\/\/4cantosalagoas.com.br\/portal\/wp-json\/wp\/v2\/comments?post=8826"}],"version-history":[{"count":1,"href":"https:\/\/4cantosalagoas.com.br\/portal\/wp-json\/wp\/v2\/posts\/8826\/revisions"}],"predecessor-version":[{"id":8828,"href":"https:\/\/4cantosalagoas.com.br\/portal\/wp-json\/wp\/v2\/posts\/8826\/revisions\/8828"}],"wp:attachment":[{"href":"https:\/\/4cantosalagoas.com.br\/portal\/wp-json\/wp\/v2\/media?parent=8826"}],"wp:term":[{"taxonomy":"category","embeddable":true,"href":"https:\/\/4cantosalagoas.com.br\/portal\/wp-json\/wp\/v2\/categories?post=8826"},{"taxonomy":"post_tag","embeddable":true,"href":"https:\/\/4cantosalagoas.com.br\/portal\/wp-json\/wp\/v2\/tags?post=8826"}],"curies":[{"name":"wp","href":"https:\/\/api.w.org\/{rel}","templated":true}]}}