{"id":8734,"date":"2019-09-20T07:57:19","date_gmt":"2019-09-20T10:57:19","guid":{"rendered":"http:\/\/4cantosalagoas.com.br\/portal\/?p=8734"},"modified":"2019-09-20T07:57:28","modified_gmt":"2019-09-20T10:57:28","slug":"servidores-que-nao-atualizaram-dados-sao-convocados-para-recadastramento-presencial","status":"publish","type":"post","link":"https:\/\/4cantosalagoas.com.br\/portal\/servidores-que-nao-atualizaram-dados-sao-convocados-para-recadastramento-presencial\/","title":{"rendered":"Servidores que n\u00e3o atualizaram dados s\u00e3o convocados para recadastramento presencial"},"content":{"rendered":"\n<figure class=\"wp-block-image\"><img fetchpriority=\"high\" decoding=\"async\" width=\"600\" height=\"450\" src=\"http:\/\/4cantosalagoas.com.br\/portal\/wp-content\/uploads\/2019\/09\/recadastro.jpg\" alt=\"\" class=\"wp-image-8735\" srcset=\"https:\/\/4cantosalagoas.com.br\/portal\/wp-content\/uploads\/2019\/09\/recadastro.jpg 600w, https:\/\/4cantosalagoas.com.br\/portal\/wp-content\/uploads\/2019\/09\/recadastro-300x225.jpg 300w\" sizes=\"(max-width: 600px) 100vw, 600px\" \/><figcaption>Divulga\u00e7\u00e3o<\/figcaption><\/figure>\n\n\n\n<p>Os servidores p\u00fablicos do Poder Executivo de Alagoas que n\u00e3o atualizaram seus dados funcionais junto ao Estado devem fazer o recadastramento. A data inicial para esse procedimento foi 5 de agosto, desta vez presencialmente, na sede da Secretaria do Planejamento, Gest\u00e3o e Patrim\u00f4nio (Seplag). A convoca\u00e7\u00e3o foi publicada em uma portaria disciplinada no Di\u00e1rio Oficial desta quarta-feira (31\/07).<\/p>\n\n\n\n<p>Estes servidores ter\u00e3o que comparecer \u00e0 Seplag,&nbsp;das 8h \u00e0s 14h,&nbsp;munidos de documento de identidade, CPF, comprovante de resid\u00eancia, t\u00edtulo de eleitor e, caso possuam, carteira de trabalho e CNH. Aqueles que se regularizarem ter\u00e3o seus sal\u00e1rios restabelecidos no m\u00eas subsequente \u00e0 realiza\u00e7\u00e3o do processo.<\/p>\n\n\n\n<p>\u201c\u00c9 indispens\u00e1vel que os servidores retardat\u00e1rios fa\u00e7am o procedimento o mais r\u00e1pido poss\u00edvel para que voltem a receber suas remunera\u00e7\u00f5es e que fiquem em dia conosco\u201d, explica o secret\u00e1rio titular da Seplag, Fabr\u00edcio Marques Santos.<\/p>\n\n\n\n<p>Paralelamente a esse processo, a Seplag d\u00e1 in\u00edcio, ao processo de valida\u00e7\u00e3o dos dados dos servidores recadastrados e \u00e0 convoca\u00e7\u00e3o daqueles que apresentaram inconsist\u00eancias nas informa\u00e7\u00f5es repassadas ao Estado.<\/p>\n\n\n\n<p>Os chefes imediatos de todos os setores do Poder Executivo de Alagoas est\u00e3o sendo convocados pela Secretaria de Estado do Planejamento, Gest\u00e3o e Patrim\u00f4nio (Seplag) para validar informa\u00e7\u00f5es funcionais dos colaboradores de suas equipes. O chamamento, publicado atrav\u00e9s de portaria no Di\u00e1rio Oficial (DOE), faz parte da segunda fase do recadastramento dos servidores realizado pela pasta.<br>De acordo com o documento, a valida\u00e7\u00e3o ser\u00e1 feita de forma presencial e s\u00f3 poder\u00e1 ser realizada ap\u00f3s o agendamento no site &nbsp;<a href=\"http:\/\/agenda.recadastramento.seplag.al.gov.br\/\" target=\"_blank\" rel=\"noreferrer noopener\">http:\/\/agenda.recadastramento.seplag.al.gov.br<\/a>. Para ter acesso \u00e0 plataforma, os servidores devem utilizar o seu usu\u00e1rio e senha cadastrado no Sistema Eletr\u00f4nico de Informa\u00e7\u00e3o (SEI).<\/p>\n\n\n\n<p>O agendamento, que j\u00e1 pode ser realizado, tem a primeira data de atendimento para o dia 17 de setembro e t\u00e9rmino em 18 de outubro. Os gestores que n\u00e3o comparecerem para a valida\u00e7\u00e3o poder\u00e3o ter suas remunera\u00e7\u00f5es suspensas at\u00e9 que realizem a valida\u00e7\u00e3o de seus subordinados.<\/p>\n\n\n\n<p>A Secretaria de Estado do Planejamento, Gest\u00e3o e Patrim\u00f4nio fica localizada na Rua Dr. Cincinato Pinto, n\u00famero 503, no Centro de Macei\u00f3.<\/p>\n\n\n\n<p>Assessoria<\/p>\n","protected":false},"excerpt":{"rendered":"<p>Os servidores p\u00fablicos do Poder Executivo de Alagoas que n\u00e3o atualizaram seus dados funcionais junto ao Estado<\/p>\n","protected":false},"author":1,"featured_media":8735,"comment_status":"open","ping_status":"open","sticky":false,"template":"","format":"standard","meta":{"footnotes":""},"categories":[11],"tags":[],"class_list":["post-8734","post","type-post","status-publish","format-standard","has-post-thumbnail","hentry","category-policia"],"_links":{"self":[{"href":"https:\/\/4cantosalagoas.com.br\/portal\/wp-json\/wp\/v2\/posts\/8734","targetHints":{"allow":["GET"]}}],"collection":[{"href":"https:\/\/4cantosalagoas.com.br\/portal\/wp-json\/wp\/v2\/posts"}],"about":[{"href":"https:\/\/4cantosalagoas.com.br\/portal\/wp-json\/wp\/v2\/types\/post"}],"author":[{"embeddable":true,"href":"https:\/\/4cantosalagoas.com.br\/portal\/wp-json\/wp\/v2\/users\/1"}],"replies":[{"embeddable":true,"href":"https:\/\/4cantosalagoas.com.br\/portal\/wp-json\/wp\/v2\/comments?post=8734"}],"version-history":[{"count":1,"href":"https:\/\/4cantosalagoas.com.br\/portal\/wp-json\/wp\/v2\/posts\/8734\/revisions"}],"predecessor-version":[{"id":8736,"href":"https:\/\/4cantosalagoas.com.br\/portal\/wp-json\/wp\/v2\/posts\/8734\/revisions\/8736"}],"wp:featuredmedia":[{"embeddable":true,"href":"https:\/\/4cantosalagoas.com.br\/portal\/wp-json\/wp\/v2\/media\/8735"}],"wp:attachment":[{"href":"https:\/\/4cantosalagoas.com.br\/portal\/wp-json\/wp\/v2\/media?parent=8734"}],"wp:term":[{"taxonomy":"category","embeddable":true,"href":"https:\/\/4cantosalagoas.com.br\/portal\/wp-json\/wp\/v2\/categories?post=8734"},{"taxonomy":"post_tag","embeddable":true,"href":"https:\/\/4cantosalagoas.com.br\/portal\/wp-json\/wp\/v2\/tags?post=8734"}],"curies":[{"name":"wp","href":"https:\/\/api.w.org\/{rel}","templated":true}]}}