{"id":8651,"date":"2019-09-12T08:19:16","date_gmt":"2019-09-12T11:19:16","guid":{"rendered":"http:\/\/4cantosalagoas.com.br\/portal\/?p=8651"},"modified":"2019-09-12T08:19:21","modified_gmt":"2019-09-12T11:19:21","slug":"linhas-024-700-e-609-terao-itinerarios-alterados","status":"publish","type":"post","link":"https:\/\/4cantosalagoas.com.br\/portal\/linhas-024-700-e-609-terao-itinerarios-alterados\/","title":{"rendered":"Linhas 024, 700 e 609 ter\u00e3o itiner\u00e1rios alterados"},"content":{"rendered":"\n<figure class=\"wp-block-image\"><img fetchpriority=\"high\" decoding=\"async\" width=\"1024\" height=\"683\" src=\"https:\/\/i0.wp.com\/4cantosalagoas.com.br\/portal\/wp-content\/uploads\/2019\/09\/dre4.jpg?fit=1024%2C683\" alt=\"\" class=\"wp-image-8652\" srcset=\"https:\/\/4cantosalagoas.com.br\/portal\/wp-content\/uploads\/2019\/09\/dre4.jpg 1024w, https:\/\/4cantosalagoas.com.br\/portal\/wp-content\/uploads\/2019\/09\/dre4-300x200.jpg 300w, https:\/\/4cantosalagoas.com.br\/portal\/wp-content\/uploads\/2019\/09\/dre4-768x512.jpg 768w\" sizes=\"(max-width: 1024px) 100vw, 1024px\" \/><figcaption> <br>Neste s\u00e1bado: linhas 024, 700 e 609 ter\u00e3o itiner\u00e1rios alterados.\u00a0Foto: Pei Fon\/ Secom Macei\u00f3 <\/figcaption><\/figure>\n\n\n\n<p> A Superintend\u00eancia Municipal de Transportes e Tr\u00e2nsito (SMTT) informa aos usu\u00e1rios do Sistema Integrado de Mobilidade de Macei\u00f3 (SIMM) que, a partir do pr\u00f3ximo s\u00e1bado (14), as linhas\u00a0<strong>024<\/strong>\u00a0\u2013 Sanat\u00f3rio\/ Centro (Via Rotary),\u00a0<strong>700<\/strong>\u00a0\u2013 Sanat\u00f3rio\/ Ponta Verde (Via Rotary) e\u00a0<strong>609<\/strong>\u00a0\u2013 Vila Saem\/ Iguatemi (Cruz das Almas), ter\u00e3o o seu itiner\u00e1rio alterado. <\/p>\n\n\n\n<p>A linha 024 passar\u00e1 a iniciar e terminar suas viagens no Terminal da Avenida Rotary, deixando de realizar o percurso pelo Terminal do Sanat\u00f3rio. Esta linha tamb\u00e9m deixar\u00e1 de atender a Pra\u00e7a 13 de Maio e a Pra\u00e7a Bomfim, no bairro Po\u00e7o, passando a fazer o trajeto pela Rua do Uruguai, Mercado do Jaragu\u00e1 e Avenida Comendador Le\u00e3o, para poder seguir com o itiner\u00e1rio normal.<\/p>\n\n\n\n<p>J\u00e1 a linha 700, assim como a citada acima, tamb\u00e9m passar\u00e1 a iniciar e terminar as viagens no Terminal da Rotary, deixando de passar pela regi\u00e3o do Sanat\u00f3rio. No novo trajeto, a linha n\u00e3o passar\u00e1 pela Pra\u00e7a da Maravilha, localizada no Po\u00e7o. A viagem seguir\u00e1 da Pra\u00e7a Bomfim, direto para Rua Pedro Paulino, pr\u00f3ximo ao Sesc-Po\u00e7o, at\u00e9 chegar na Avenida da Paz para poder continuar com o itiner\u00e1rio normal.<\/p>\n\n\n\n<p>Al\u00e9m disso, por n\u00e3o realizar mais as viagens pelo bairro Sanat\u00f3rio, as linhas ter\u00e3o o seu nome modificado. Com a mudan\u00e7a, a linha&nbsp;<strong>024<\/strong>&nbsp;passar\u00e1 a ser chamada de Gruta\/Centro (Terminal Rotary). J\u00e1 a linha&nbsp;<strong>700<\/strong>&nbsp;se chamar\u00e1 Gruta\/ Ponta Verde (Terminal Rotary).<\/p>\n\n\n\n<p>Mesmo com esta mudan\u00e7a, a popula\u00e7\u00e3o que utilizava as linhas 024 e 700 para ter acesso ao bairro do Sanat\u00f3rio n\u00e3o ficar\u00e3o desassistidas. Os usu\u00e1rios dos \u00f4nibus poder\u00e3o fazer a integra\u00e7\u00e3o temporal com a linha&nbsp;<strong>608<\/strong>&nbsp;\u2013 Gruta\/ Iguatemi e chegar ao destino com mais comodidade.<\/p>\n\n\n\n<p><strong>Novas altera\u00e7\u00f5es<\/strong><\/p>\n\n\n\n<p>Outra linha que ter\u00e1 o itiner\u00e1rio modificado a partir deste s\u00e1bado (14), \u00e9 a&nbsp;<strong>609<\/strong>&nbsp;\u2013 Vila Saem\/ Iguatemi (Cruz das Almas). O ve\u00edculo deixar\u00e1 de circular pela Avenida Dr. Ant\u00f4nio Gomes de Barros, na Jati\u00faca, e pela orla mar\u00edtima de Macei\u00f3, no percurso de volta.<\/p>\n\n\n\n<p>A linha passar\u00e1 a percorrer a Avenida Comendador Gustavo Paiva, em Cruz das Almas, seguindo pela Rua Comendador Cala\u00e7a, no Po\u00e7o, at\u00e9 chegar \u00e0 Ladeira Dr. Geraldo Melo dos Santos, no Farol, de onde continuar\u00e1 normalmente com a sua viagem. Esta linha n\u00e3o ter\u00e1 o nome modificado.<\/p>\n\n\n\n<p>Para uma melhor divulga\u00e7\u00e3o e conhecimento da popula\u00e7\u00e3o sobre as altera\u00e7\u00f5es, informativos sobre as mudan\u00e7as foram fixados nos coletivos e nos terminais de \u00f4nibus.<\/p>\n\n\n\n<p>Ascom SMTT<\/p>\n","protected":false},"excerpt":{"rendered":"<p>A Superintend\u00eancia Municipal de Transportes e Tr\u00e2nsito (SMTT) informa aos usu\u00e1rios do Sistema Integrado de Mobilidade de<\/p>\n","protected":false},"author":1,"featured_media":8652,"comment_status":"open","ping_status":"open","sticky":false,"template":"","format":"standard","meta":{"footnotes":""},"categories":[5],"tags":[],"class_list":["post-8651","post","type-post","status-publish","format-standard","has-post-thumbnail","hentry","category-maceio"],"_links":{"self":[{"href":"https:\/\/4cantosalagoas.com.br\/portal\/wp-json\/wp\/v2\/posts\/8651","targetHints":{"allow":["GET"]}}],"collection":[{"href":"https:\/\/4cantosalagoas.com.br\/portal\/wp-json\/wp\/v2\/posts"}],"about":[{"href":"https:\/\/4cantosalagoas.com.br\/portal\/wp-json\/wp\/v2\/types\/post"}],"author":[{"embeddable":true,"href":"https:\/\/4cantosalagoas.com.br\/portal\/wp-json\/wp\/v2\/users\/1"}],"replies":[{"embeddable":true,"href":"https:\/\/4cantosalagoas.com.br\/portal\/wp-json\/wp\/v2\/comments?post=8651"}],"version-history":[{"count":1,"href":"https:\/\/4cantosalagoas.com.br\/portal\/wp-json\/wp\/v2\/posts\/8651\/revisions"}],"predecessor-version":[{"id":8653,"href":"https:\/\/4cantosalagoas.com.br\/portal\/wp-json\/wp\/v2\/posts\/8651\/revisions\/8653"}],"wp:featuredmedia":[{"embeddable":true,"href":"https:\/\/4cantosalagoas.com.br\/portal\/wp-json\/wp\/v2\/media\/8652"}],"wp:attachment":[{"href":"https:\/\/4cantosalagoas.com.br\/portal\/wp-json\/wp\/v2\/media?parent=8651"}],"wp:term":[{"taxonomy":"category","embeddable":true,"href":"https:\/\/4cantosalagoas.com.br\/portal\/wp-json\/wp\/v2\/categories?post=8651"},{"taxonomy":"post_tag","embeddable":true,"href":"https:\/\/4cantosalagoas.com.br\/portal\/wp-json\/wp\/v2\/tags?post=8651"}],"curies":[{"name":"wp","href":"https:\/\/api.w.org\/{rel}","templated":true}]}}