{"id":8580,"date":"2019-09-05T07:21:30","date_gmt":"2019-09-05T10:21:30","guid":{"rendered":"http:\/\/4cantosalagoas.com.br\/portal\/?p=8580"},"modified":"2019-09-05T07:21:40","modified_gmt":"2019-09-05T10:21:40","slug":"confira-interdicoes-no-transito-para-o-desfile-da-independencia","status":"publish","type":"post","link":"https:\/\/4cantosalagoas.com.br\/portal\/confira-interdicoes-no-transito-para-o-desfile-da-independencia\/","title":{"rendered":"Confira interdi\u00e7\u00f5es no tr\u00e2nsito para o Desfile da Independ\u00eancia"},"content":{"rendered":"\n<figure class=\"wp-block-image\"><img fetchpriority=\"high\" decoding=\"async\" width=\"1024\" height=\"683\" src=\"http:\/\/4cantosalagoas.com.br\/portal\/wp-content\/uploads\/2019\/01\/tras-1024x683.jpg\" alt=\"\" class=\"wp-image-6358\" srcset=\"https:\/\/4cantosalagoas.com.br\/portal\/wp-content\/uploads\/2019\/01\/tras.jpg 1024w, https:\/\/4cantosalagoas.com.br\/portal\/wp-content\/uploads\/2019\/01\/tras-300x200.jpg 300w, https:\/\/4cantosalagoas.com.br\/portal\/wp-content\/uploads\/2019\/01\/tras-768x512.jpg 768w, https:\/\/4cantosalagoas.com.br\/portal\/wp-content\/uploads\/2019\/01\/tras-375x250.jpg 375w, https:\/\/4cantosalagoas.com.br\/portal\/wp-content\/uploads\/2019\/01\/tras-465x310.jpg 465w, https:\/\/4cantosalagoas.com.br\/portal\/wp-content\/uploads\/2019\/01\/tras-695x464.jpg 695w, https:\/\/4cantosalagoas.com.br\/portal\/wp-content\/uploads\/2019\/01\/tras-272x182.jpg 272w\" sizes=\"(max-width: 1024px) 100vw, 1024px\" \/><figcaption>Agentes de tr\u00e2nsito estar\u00e3o no local para garantir a seguran\u00e7a vi\u00e1ria de todos. Foto: Ascom SMTT<\/figcaption><\/figure>\n\n\n\n<p>No pr\u00f3ximo s\u00e1bado (07), devido ao desfile c\u00edvico em comemora\u00e7\u00e3o ao Dia da Independ\u00eancia do Brasil, equipes da Superintend\u00eancia Municipal de Transportes e Tr\u00e2nsito (SMTT) e do Batalh\u00e3o de Pol\u00edcia de Tr\u00e2nsito (BPTran) interditar\u00e3o algumas vias na parte baixa da capital. As modifica\u00e7\u00f5es acontecer\u00e3o das 5h \u00e0s 14h e t\u00eam o objetivo de proporcionar maior seguran\u00e7a aos cidad\u00e3os que forem prestigiar o evento no bairro de Jaragu\u00e1.<\/p>\n\n\n\n<p>Por conta das interdi\u00e7\u00f5es que ser\u00e3o executadas pelas equipes de tr\u00e2nsito, o trecho que vai desde a rotat\u00f3ria da Braskem at\u00e9 a entrada do Porto de Macei\u00f3 ser\u00e1 totalmente bloqueado para a circula\u00e7\u00e3o de ve\u00edculos.&nbsp;Confira abaixo a lista com todos os pontos de bloqueio que ser\u00e3o realizados na regi\u00e3o da orla.<\/p>\n\n\n\n<p>\u2022 Rotat\u00f3ria da Braskem, desviando o fluxo proveniente do Pontal para a Avenida Senador Rui Palmeira;<\/p>\n\n\n\n<p>\u2022 Avenida Assis Chateaubriand com a Rua Dr. Jorge de Lima, em frente ao Posto BR;<\/p>\n\n\n\n<p>\u2022 Avenida Assis Chateaubriand com a Av. Roberto Pontes Lima \u2013 em frente \u00e0 Academia da Pol\u00edcia Militar;<\/p>\n\n\n\n<p>\u2022 Acesso \u00e0s Ruas Maranh\u00e3o, S\u00e3o Jo\u00e3o e Bento Craveiro, bloqueando o canteiro da Avenida Assis Chateaubriand;<\/p>\n\n\n\n<p>\u2022 Interrup\u00e7\u00e3o da Avenida Assis Chateaubriand, no acesso \u00e0 Rua Dias Cabral, impossibilitando que o fluxo proveniente da regi\u00e3o da Santa Casa prossiga em dire\u00e7\u00e3o ao Jaragu\u00e1;<\/p>\n\n\n\n<p>\u2022 Avenida Assis Chateaubriand, em frente \u00e0 antiga TIM \u2013 ocasionando no bloqueio o canteiro da Avenida Assis Chateaubriand;<\/p>\n\n\n\n<p>\u2022 Lojas Americanas, bloqueando o acesso \u00e0 Rua Bar\u00e3o de Anadia e desviando o fluxo para a Rua do Imperador;<\/p>\n\n\n\n<p>\u2022 Lojas Americanas resultando no bloqueio do canteiro da Avenida Assis Chateaubriand;<\/p>\n\n\n\n<p>\u2022 Direcionamento do fluxo da Avenida Humberto Mendes para a Rua Silv\u00e9rio Jorge, no sentido Pra\u00e7a Sinimbu;<\/p>\n\n\n\n<p>\u2022 Bloqueio do encontro da Rua Buarque de Macedo com Avenida Humberto Mendes, na regi\u00e3o do Riacho Salgadinho, no sentido praia;<\/p>\n\n\n\n<p>\u2022 Cruzamento da Avenida Juc\u00e1 Ventos Nunes com a Rua do Uruguai;<\/p>\n\n\n\n<p>\u2022 Bloqueio da intersec\u00e7\u00e3o da Rua Silv\u00e9rio Jorge com a Avenida Humberto Mendes;<\/p>\n\n\n\n<p>\u2022 Intersec\u00e7\u00e3o da Rua do Uruguai com a Rua Silv\u00e9rio Jorge, por tr\u00e1s da Capitania dos Portos;<\/p>\n\n\n\n<p>\u2022 Entroncamento da Rua Silv\u00e9rio Jorge com a Rua Emilio Cardoso, nos fundos da Churrascaria Picu\u00ed;<\/p>\n\n\n\n<p>\u2022 Encontro da Rua Bar\u00e3o de Jaragu\u00e1 com a Avenida Comendador Le\u00e3o;<\/p>\n\n\n\n<p>\u2022 Cruzamento da Travessa dos Artistas com a Rua S\u00e1 e Albuquerque (Caixa);<\/p>\n\n\n\n<p>\u2022 Em frente ao Cais do Porto, desviando o fluxo de ve\u00edculos para a Rua S\u00e1 e Albuquerque;<\/p>\n\n\n\n<p>\u2022 Rua Dias Cabral desviando o fluxo sentido Pontal;<\/p>\n\n\n\n<p>\u2022 Controle do fluxo de ve\u00edculos na regi\u00e3o da Pra\u00e7a Rayol, no Jaragu\u00e1.<\/p>\n\n\n\n<p>Ascom SMTT<\/p>\n","protected":false},"excerpt":{"rendered":"<p>No pr\u00f3ximo s\u00e1bado (07), devido ao desfile c\u00edvico em comemora\u00e7\u00e3o ao Dia da Independ\u00eancia do Brasil, equipes<\/p>\n","protected":false},"author":1,"featured_media":5950,"comment_status":"open","ping_status":"open","sticky":false,"template":"","format":"standard","meta":{"footnotes":""},"categories":[60],"tags":[],"class_list":["post-8580","post","type-post","status-publish","format-standard","has-post-thumbnail","hentry","category-capa"],"_links":{"self":[{"href":"https:\/\/4cantosalagoas.com.br\/portal\/wp-json\/wp\/v2\/posts\/8580","targetHints":{"allow":["GET"]}}],"collection":[{"href":"https:\/\/4cantosalagoas.com.br\/portal\/wp-json\/wp\/v2\/posts"}],"about":[{"href":"https:\/\/4cantosalagoas.com.br\/portal\/wp-json\/wp\/v2\/types\/post"}],"author":[{"embeddable":true,"href":"https:\/\/4cantosalagoas.com.br\/portal\/wp-json\/wp\/v2\/users\/1"}],"replies":[{"embeddable":true,"href":"https:\/\/4cantosalagoas.com.br\/portal\/wp-json\/wp\/v2\/comments?post=8580"}],"version-history":[{"count":1,"href":"https:\/\/4cantosalagoas.com.br\/portal\/wp-json\/wp\/v2\/posts\/8580\/revisions"}],"predecessor-version":[{"id":8581,"href":"https:\/\/4cantosalagoas.com.br\/portal\/wp-json\/wp\/v2\/posts\/8580\/revisions\/8581"}],"wp:featuredmedia":[{"embeddable":true,"href":"https:\/\/4cantosalagoas.com.br\/portal\/wp-json\/wp\/v2\/media\/5950"}],"wp:attachment":[{"href":"https:\/\/4cantosalagoas.com.br\/portal\/wp-json\/wp\/v2\/media?parent=8580"}],"wp:term":[{"taxonomy":"category","embeddable":true,"href":"https:\/\/4cantosalagoas.com.br\/portal\/wp-json\/wp\/v2\/categories?post=8580"},{"taxonomy":"post_tag","embeddable":true,"href":"https:\/\/4cantosalagoas.com.br\/portal\/wp-json\/wp\/v2\/tags?post=8580"}],"curies":[{"name":"wp","href":"https:\/\/api.w.org\/{rel}","templated":true}]}}