{"id":8577,"date":"2019-09-05T07:17:15","date_gmt":"2019-09-05T10:17:15","guid":{"rendered":"http:\/\/4cantosalagoas.com.br\/portal\/?p=8577"},"modified":"2019-09-05T07:17:24","modified_gmt":"2019-09-05T10:17:24","slug":"confira-a-abertura-do-comercio-no-proximo-sabado-7-de-setembro","status":"publish","type":"post","link":"https:\/\/4cantosalagoas.com.br\/portal\/confira-a-abertura-do-comercio-no-proximo-sabado-7-de-setembro\/","title":{"rendered":"Confira a abertura do Com\u00e9rcio no pr\u00f3ximo s\u00e1bado, 7 de Setembro"},"content":{"rendered":"\n<figure class=\"wp-block-image\"><img fetchpriority=\"high\" decoding=\"async\" width=\"600\" height=\"450\" src=\"http:\/\/4cantosalagoas.com.br\/portal\/wp-content\/uploads\/2019\/09\/serr4.jpg\" alt=\"\" class=\"wp-image-8578\" srcset=\"https:\/\/4cantosalagoas.com.br\/portal\/wp-content\/uploads\/2019\/09\/serr4.jpg 600w, https:\/\/4cantosalagoas.com.br\/portal\/wp-content\/uploads\/2019\/09\/serr4-300x225.jpg 300w\" sizes=\"(max-width: 600px) 100vw, 600px\" \/><figcaption>Reprodu\u00e7\u00e3o<\/figcaption><\/figure>\n\n\n\n<p>No Dia da Independ\u00eancia do Brasil, 7 de setembro, os shoppings de\nMacei\u00f3 e o de Arapiraca estar\u00e3o abertos, como informa a Federa\u00e7\u00e3o do Com\u00e9rcio\nde Bens, Servi\u00e7os e Turismo do Estado de Alagoas (Fecom\u00e9rcio AL). Para o Centro\nde Macei\u00f3, a Alian\u00e7a Comercial comunicou que as lojas \u00e2ncoras e algumas de\npequeno porte ir\u00e3o abrir, j\u00e1 que o funcionamento ficar\u00e1 a crit\u00e9rio de cada\nlojista e ser\u00e1 in\u00edcio da campanha&#8221; Semana do Brasil&#8221;.<\/p>\n\n\n\n<p>O Shopping P\u00e1tio Macei\u00f3 e o Macei\u00f3 Shopping abrir\u00e3o das 9h \u00e0s 22h. No\nParque Shopping Macei\u00f3, lojas e pra\u00e7a de alimenta\u00e7\u00e3o funcionam das 10h \u00e0s 22h;\ncinemas com hor\u00e1rio normal. As lojas do Shopping Farol estar\u00e3o fechadas, mas os\ncinemas seguir\u00e3o com a programa\u00e7\u00e3o habitual.<\/p>\n\n\n\n<p>No interior, o Arapiraca Garden Shopping funcionar\u00e1 em hor\u00e1rio\nhabitual, com lojas e pra\u00e7a da alimenta\u00e7\u00e3o abertas das 10h \u00e0s 22h e cinemas.<\/p>\n\n\n\n<p><strong>Supermercados<\/strong><\/p>\n\n\n\n<p>A Fecom\u00e9rcio informa, ainda, que as lojas do Palato abrir\u00e3o\nnormalmente, com o Palato Ponta Verde aberto 24h; Palato Farol, das 7h at\u00e9\nmeia-noite, e Palato Parque Gon\u00e7alves Ledo, das 7h \u00e0s 22h. Da mesma forma, a rede\nUnicompra estar\u00e1 com suas lojas funcionando em hor\u00e1rio habitual e as lojas do Atacad\u00e3o,\nem Macei\u00f3, estar\u00e3o \u00e0 disposi\u00e7\u00e3o do p\u00fablico em hor\u00e1rio normal, das 7h \u00e0s 22h.<\/p>\n\n\n\n<p>As lojas da rede GBarbosa funcionar\u00e3o da seguinte forma: Hiper\nSerraria, das 7h \u00e0s 22h; Hiper Praia, das 7h \u00e0s 20h; Hiper Stella Maris, das 7h\n\u00e0s 22h; Super Tabuleiro, das 7h \u00e0s 20h; Super Benedito Bentes, das 8h \u00e0s 20h, e\nSuper P\u00e1tio, das 12h \u00e0s 21h. A unidade de Arapiraca, no agreste, estar\u00e1 aberta\ndas 8h \u00e0s 14h. J\u00e1 no Sert\u00e3o, em Delmiro Gouveia, o supermercado funcionar\u00e1 das\n7h \u00e0s 13h.<\/p>\n\n\n\n<p>As lojas da rede GBarbosa funcionar\u00e3o: Hiper Serraria, das 7h \u00e0s 22h;\nHiper Praia, das 7h \u00e0s 20h; Hiper Stella Maris, das 7h \u00e0s 22h; Super Tabuleiro,\ndas 7h \u00e0s 20h; Super Benedito Bentes, das 8h \u00e0s 20h, e Super P\u00e1tio, das 12h \u00e0s\n21h. A unidade de Arapiraca, no agreste, estar\u00e1 aberta das 8h \u00e0s 14h. J\u00e1 no\nSert\u00e3o, em Delmiro Gouveia, o supermercado funcionar\u00e1 das 7h \u00e0s 13h.<\/p>\n\n\n\n<p>As unidades do Grupo Big atender\u00e3o ao p\u00fablico da seguinte forma:\nBompre\u00e7o Paju\u00e7ara e Farol, das 7h \u00e0s 22h; Bompre\u00e7o Ponta Verde, das 6h \u00e0s 22h;\nHiper Bompre\u00e7o Jati\u00faca, das 7h \u00e0s 23h; Hiper Bompre\u00e7o Antares, das 7h \u00e0s 22h;\nMaxxi Macei\u00f3, das 7h \u00e0s 21h; Sam\u2019s Club, das 8h \u00e0s 21h; Todo Dia nos bairros\nCleto, Jacintinho, Village e Eust\u00e1quio Gomes, das 7h \u00e0s 20h; e Walmart, das 7h\n\u00e0s 23h. Em Arapiraca, os supermercados Todo Dia e Maxxi abrir\u00e3o das 7h \u00e0s 20h.\nEm Palmeira dos \u00cdndios, Santana do Ipanema, Teot\u00f4nio Vilela e Uni\u00e3o dos Palmares,\nas unidades Todo Dia funcionar\u00e3o das 7h \u00e0s 20h. J\u00e1 em Penedo, a abertura ser\u00e1\ndas 7h \u00e0s 21h (Todo Dia). <\/p>\n\n\n\n<p><strong>Sindicatos<\/strong><\/p>\n\n\n\n<p>Em Arapiraca, Palmeira dos \u00cdndios, Penedo e Uni\u00e3o dos Palmares, os\nsindicatos varejistas filiados \u00e0 Fecom\u00e9rcio se posicionaram quanto ao\nfuncionamento do com\u00e9rcio nestes munic\u00edpios. <\/p>\n\n\n\n<p>De acordo com o Sindilojas Arapiraca, a abertura fica a crit\u00e9rio de\ncada empresa, conforme definido em Conven\u00e7\u00e3o Coletiva de Trabalho (CCT). Por\u00e9m,\nas lojas que optarem pelo funcionamento no Dia da Independ\u00eancia devem cumprir a\nlegisla\u00e7\u00e3o trabalhista e observar o que est\u00e1 determinado na CCT.<\/p>\n\n\n\n<p>O Sindilojas Palmeira dos \u00cdndios e o Sindilojas Penedo informaram que o\ncom\u00e9rcio destas localidades ser\u00e1 fechado. J\u00e1 o Sindilojas Uni\u00e3o dos Palmares\ncomunicou que a abertura das lojas ser\u00e1 normal at\u00e9 meio dia, ficando a abertura\nno segundo hor\u00e1rio a crit\u00e9rio dos comerciantes. A feira do munic\u00edpio, que\nnormalmente acontece aos s\u00e1bados, ser\u00e1 antecipada para a sexta devido ao 7 de\nSetembro.<\/p>\n\n\n\n<p><strong>Semana do Brasil<\/strong><\/p>\n\n\n\n<p>A Semana do Brasil acontecer\u00e1 de 6 a 15 de setembro e pretende movimentar o com\u00e9rcio e aquecer o turismo nacional, estimulando empresas a oferecerem produtos e servi\u00e7os com descontos. A iniciativa une o poder p\u00fablico e a iniciativa privada em prol da economia. Os consumidores podem verificar a lista das empresas participantes no site www.brasil.gov.br\/semanadobrasil\/participantes\/.<\/p>\n\n\n\n<p>Assessoria<\/p>\n","protected":false},"excerpt":{"rendered":"<p>No Dia da Independ\u00eancia do Brasil, 7 de setembro, os shoppings de Macei\u00f3 e o de Arapiraca<\/p>\n","protected":false},"author":1,"featured_media":8578,"comment_status":"open","ping_status":"open","sticky":false,"template":"","format":"standard","meta":{"footnotes":""},"categories":[60],"tags":[],"class_list":["post-8577","post","type-post","status-publish","format-standard","has-post-thumbnail","hentry","category-capa"],"_links":{"self":[{"href":"https:\/\/4cantosalagoas.com.br\/portal\/wp-json\/wp\/v2\/posts\/8577","targetHints":{"allow":["GET"]}}],"collection":[{"href":"https:\/\/4cantosalagoas.com.br\/portal\/wp-json\/wp\/v2\/posts"}],"about":[{"href":"https:\/\/4cantosalagoas.com.br\/portal\/wp-json\/wp\/v2\/types\/post"}],"author":[{"embeddable":true,"href":"https:\/\/4cantosalagoas.com.br\/portal\/wp-json\/wp\/v2\/users\/1"}],"replies":[{"embeddable":true,"href":"https:\/\/4cantosalagoas.com.br\/portal\/wp-json\/wp\/v2\/comments?post=8577"}],"version-history":[{"count":1,"href":"https:\/\/4cantosalagoas.com.br\/portal\/wp-json\/wp\/v2\/posts\/8577\/revisions"}],"predecessor-version":[{"id":8579,"href":"https:\/\/4cantosalagoas.com.br\/portal\/wp-json\/wp\/v2\/posts\/8577\/revisions\/8579"}],"wp:featuredmedia":[{"embeddable":true,"href":"https:\/\/4cantosalagoas.com.br\/portal\/wp-json\/wp\/v2\/media\/8578"}],"wp:attachment":[{"href":"https:\/\/4cantosalagoas.com.br\/portal\/wp-json\/wp\/v2\/media?parent=8577"}],"wp:term":[{"taxonomy":"category","embeddable":true,"href":"https:\/\/4cantosalagoas.com.br\/portal\/wp-json\/wp\/v2\/categories?post=8577"},{"taxonomy":"post_tag","embeddable":true,"href":"https:\/\/4cantosalagoas.com.br\/portal\/wp-json\/wp\/v2\/tags?post=8577"}],"curies":[{"name":"wp","href":"https:\/\/api.w.org\/{rel}","templated":true}]}}