{"id":8573,"date":"2019-09-04T08:36:36","date_gmt":"2019-09-04T11:36:36","guid":{"rendered":"http:\/\/4cantosalagoas.com.br\/portal\/?p=8573"},"modified":"2019-09-04T08:36:47","modified_gmt":"2019-09-04T11:36:47","slug":"7-de-setembro-governador-participa-do-desfile-de-independencia-do-brasil-em-maceio","status":"publish","type":"post","link":"https:\/\/4cantosalagoas.com.br\/portal\/7-de-setembro-governador-participa-do-desfile-de-independencia-do-brasil-em-maceio\/","title":{"rendered":"7 de setembro: governador participa do desfile de Independ\u00eancia do Brasil em Macei\u00f3"},"content":{"rendered":"\n<figure class=\"wp-block-image\"><img fetchpriority=\"high\" decoding=\"async\" width=\"600\" height=\"400\" src=\"http:\/\/4cantosalagoas.com.br\/portal\/wp-content\/uploads\/2019\/09\/4e.jpg\" alt=\"\" class=\"wp-image-8575\" srcset=\"https:\/\/4cantosalagoas.com.br\/portal\/wp-content\/uploads\/2019\/09\/4e.jpg 600w, https:\/\/4cantosalagoas.com.br\/portal\/wp-content\/uploads\/2019\/09\/4e-300x200.jpg 300w\" sizes=\"(max-width: 600px) 100vw, 600px\" \/><figcaption> <br>Governador Renan Filho durante desfile do ano passado<em>Foto: Ada\u00edlson Calheiros<\/em> <\/figcaption><\/figure>\n\n\n\n<p>O tradicional desfile de 7 setembro vai celebrar, este ano, os 197 anos da Independ\u00eancia do Brasil. Em Macei\u00f3, o evento c\u00edvico-militar vai contar com a presen\u00e7a do governador Renan Filho e autoridades do Poder Executivo, Legislativo e Judici\u00e1rio.<\/p>\n\n\n\n<p>O in\u00edcio est\u00e1 previsto para \u00e0s 8h, na Avenida da Paz, bairro do Jaragu\u00e1. Segundo a programa\u00e7\u00e3o, ap\u00f3s a chegada do governador, \u00e0s 8h30, no Memorial \u00e0 Rep\u00fablica, ser\u00e1 dada a ordem de marcha e na sequencia da sauda\u00e7\u00e3o \u00e0 banda de m\u00fasica da PMAL, ser\u00e1 dado o cumprimento das autoridades que estar\u00e3o presentes.<\/p>\n\n\n\n<p>Al\u00e9m dos 915 homens da PM e cerca de 60 viaturas,&nbsp;passar\u00e3o pela Avenida durante o desfile:&nbsp;a Marinha (Capitania dos Portos em AL), Ex\u00e9rcito (59\u00ba BIMTz), Aeron\u00e1utica (Destacamento A\u00e9reo de Macei\u00f3), Pol\u00edcia Federal, Pol\u00edcia Rodovi\u00e1ria Federal, Corpo de Bombeiros, Pol\u00edcia Civil, Detran, Per\u00edcia Oficial, Programa Ronda no Bairro, Seris, Cruz Vermelha, Lions Clube, Escoteiros Florestais, Clube dos Aventureiros, Clube dos Desbravadores e Grupo dos Escoteiros Guardi\u00e3o da Amizade.<\/p>\n\n\n\n<p>A corpora\u00e7\u00e3o passar\u00e1 pelo palco do desfile com integrantes do Centro Musical da PM, do 1\u00ba BPM, da Academia de Pol\u00edcia Militar Senador Arnon de Mello (APMSAM), do Centro de Forma\u00e7\u00e3o e Aperfei\u00e7oamento de Pra\u00e7as (CFAP) e alunos do Col\u00e9gio Tiradentes da Policia Militar (CPM).&nbsp;Tamb\u00e9m desfilar\u00e3o militares de Batalh\u00f5es Especializados, como BPA, BPRp, Bope Copes, BPTran, BPRv e RPMon (Cavalaria), al\u00e9m de uma representa\u00e7\u00e3o da frota da PMAL com cerca de 60 viaturas de v\u00e1rias Unidades da capital e da regi\u00e3o metropolitana.<\/p>\n\n\n\n<p>O p\u00fablico presente ter\u00e1 a seguran\u00e7a garantida por um efetivo de 130 militares, sete viaturas e nove motos; e tamb\u00e9m poder\u00e1 acompanhar o sobrevoo dos helic\u00f3pteros do Grupamento A\u00e9reo da SSP que s\u00e3o utilizados no patrulhamento a\u00e9reo, bem como a simula\u00e7\u00e3o de t\u00e9cnicas e estrat\u00e9gias de seguran\u00e7a que fazem parte da rotina dos policiais.&nbsp;<\/p>\n\n\n\n<p><strong>Tr\u00e2nsito<\/strong><\/p>\n\n\n\n<p>Para auxiliar na organiza\u00e7\u00e3o do desfile de 7 de setembro, o Batalh\u00e3o Policial de Tr\u00e2nsito (BPTran) e a Superintend\u00eancia Municipal de Transportes de Tr\u00e2nsito (SMTT) da capital v\u00e3o interditar 21 pontos de acesso ao local do evento a partir das 5h50 at\u00e9 \u00e0s 14h.<\/p>\n\n\n\n<p><strong>Confira os pontos de bloqueio<\/strong><\/p>\n\n\n\n<p>1. Rotat\u00f3ria da Braskem \u2013 desviando o fluxo proveniente do Pontal para a Av. Senador Rui Palmeira<\/p>\n\n\n\n<p>2. Av. Assis Chateaubriand com a Rua Dr. Jorge de Lima \u2013 em frente ao Posto BR<\/p>\n\n\n\n<p>3. Av. Assis Chateaubriand com a Av. Roberto Pontes Lima \u2013 em frente \u00e0 Academia da Pol\u00edcia Militar<\/p>\n\n\n\n<p>4. Rua Maranh\u00e3o &#8211; bloquear o canteiro da Av. Assis Chateaubriand<\/p>\n\n\n\n<p>5. Rua S\u00e3o Jo\u00e3o &#8211; bloquear o canteiro da Av. Assis Chateaubriand<\/p>\n\n\n\n<p>6. Rua Bento Craveiro Barbosa &#8211; bloquear o canteiro da Av. Assis Chateaubriand<\/p>\n\n\n\n<p>7. Av. Assis Chateaubriand &#8211; Rua Dias Cabral \u2013 impedir que o fluxo proveniente da Santa Casa prossiga em dire\u00e7\u00e3o ao Jaragu\u00e1<\/p>\n\n\n\n<p>8. Av. Assis Chateaubriand &#8211; frente da antiga TIM &#8211; bloquear o canteiro da Av. Assis Chateaubriand<\/p>\n\n\n\n<p>9. Lojas Americanas \u2013 bloquear a Rua Bar\u00e3o de Anadia, desviando o fluxo para a Rua do Imperador<\/p>\n\n\n\n<p>10. Lojas Americanas \u2013 bloquear o canteiro da Av. Assis Chateaubriand<\/p>\n\n\n\n<p>11. Desvio de fluxo da Av. Humberto Mendes para a Rua Silv\u00e9rio Jorge, sentido Pra\u00e7a Sinimb\u00fa<\/p>\n\n\n\n<p>12. Av. Buarque de Macedo com Av. Humberto Mendes, (Salgadinho) sentido praia<\/p>\n\n\n\n<p>13. Av. Juc\u00e1 Ventos Nunes com a Rua do Uruguai<\/p>\n\n\n\n<p>14. Rua Silv\u00e9rio Jorge com a Av. Humberto Mendes<\/p>\n\n\n\n<p>15. Rua do Uruguai com a Rua Silv\u00e9rio Jorge (por tr\u00e1s da Capitania)<\/p>\n\n\n\n<p>16. Rua Silv\u00e9rio Jorge com a Rua Emilio Cardoso (fundos da Churrascaria Picu\u00ed)<\/p>\n\n\n\n<p>17. Rua Bar\u00e3o de Jaragua com a Comendador Le\u00e3o<\/p>\n\n\n\n<p>18. Travessa dos Artistas com a Rua S\u00e1 e Albuquerque (Caixa)<\/p>\n\n\n\n<p>19. Em frente ao Cais do Porto, desviando o fluxo para a Rua S\u00e1 e Albuquerque<\/p>\n\n\n\n<p>20. Rua Dias Cabral desviando o fluxo sentido Pontal<\/p>\n\n\n\n<p>21. Controle de fluxo de ve\u00edculos &#8211; Pra\u00e7a Rayol<\/p>\n","protected":false},"excerpt":{"rendered":"<p>O tradicional desfile de 7 setembro vai celebrar, este ano, os 197 anos da Independ\u00eancia do Brasil.<\/p>\n","protected":false},"author":1,"featured_media":8575,"comment_status":"open","ping_status":"open","sticky":false,"template":"","format":"standard","meta":{"footnotes":""},"categories":[5],"tags":[],"class_list":["post-8573","post","type-post","status-publish","format-standard","has-post-thumbnail","hentry","category-maceio"],"_links":{"self":[{"href":"https:\/\/4cantosalagoas.com.br\/portal\/wp-json\/wp\/v2\/posts\/8573","targetHints":{"allow":["GET"]}}],"collection":[{"href":"https:\/\/4cantosalagoas.com.br\/portal\/wp-json\/wp\/v2\/posts"}],"about":[{"href":"https:\/\/4cantosalagoas.com.br\/portal\/wp-json\/wp\/v2\/types\/post"}],"author":[{"embeddable":true,"href":"https:\/\/4cantosalagoas.com.br\/portal\/wp-json\/wp\/v2\/users\/1"}],"replies":[{"embeddable":true,"href":"https:\/\/4cantosalagoas.com.br\/portal\/wp-json\/wp\/v2\/comments?post=8573"}],"version-history":[{"count":1,"href":"https:\/\/4cantosalagoas.com.br\/portal\/wp-json\/wp\/v2\/posts\/8573\/revisions"}],"predecessor-version":[{"id":8576,"href":"https:\/\/4cantosalagoas.com.br\/portal\/wp-json\/wp\/v2\/posts\/8573\/revisions\/8576"}],"wp:featuredmedia":[{"embeddable":true,"href":"https:\/\/4cantosalagoas.com.br\/portal\/wp-json\/wp\/v2\/media\/8575"}],"wp:attachment":[{"href":"https:\/\/4cantosalagoas.com.br\/portal\/wp-json\/wp\/v2\/media?parent=8573"}],"wp:term":[{"taxonomy":"category","embeddable":true,"href":"https:\/\/4cantosalagoas.com.br\/portal\/wp-json\/wp\/v2\/categories?post=8573"},{"taxonomy":"post_tag","embeddable":true,"href":"https:\/\/4cantosalagoas.com.br\/portal\/wp-json\/wp\/v2\/tags?post=8573"}],"curies":[{"name":"wp","href":"https:\/\/api.w.org\/{rel}","templated":true}]}}