{"id":8556,"date":"2019-09-02T22:30:29","date_gmt":"2019-09-03T01:30:29","guid":{"rendered":"http:\/\/4cantosalagoas.com.br\/portal\/?p=8556"},"modified":"2019-09-02T22:30:33","modified_gmt":"2019-09-03T01:30:33","slug":"ima-abre-exposicao-com-finalistas-do-iv-concurso-de-fotografia-ambiental","status":"publish","type":"post","link":"https:\/\/4cantosalagoas.com.br\/portal\/ima-abre-exposicao-com-finalistas-do-iv-concurso-de-fotografia-ambiental\/","title":{"rendered":"IMA abre exposi\u00e7\u00e3o com finalistas do IV Concurso de Fotografia Ambiental"},"content":{"rendered":"\n<figure class=\"wp-block-image\"><img fetchpriority=\"high\" decoding=\"async\" width=\"600\" height=\"432\" src=\"http:\/\/4cantosalagoas.com.br\/portal\/wp-content\/uploads\/2019\/09\/18246a0037da2bec7f8011d28a1eb2f4_L.jpg\" alt=\"\" class=\"wp-image-8557\" srcset=\"https:\/\/4cantosalagoas.com.br\/portal\/wp-content\/uploads\/2019\/09\/18246a0037da2bec7f8011d28a1eb2f4_L.jpg 600w, https:\/\/4cantosalagoas.com.br\/portal\/wp-content\/uploads\/2019\/09\/18246a0037da2bec7f8011d28a1eb2f4_L-300x216.jpg 300w\" sizes=\"(max-width: 600px) 100vw, 600px\" \/><figcaption> <br>Ara\u00e7ari-de-bico-branco alimentando filhote no ninho, feita por Jaim Sim\u00f5es, Pra\u00e7a Coronel Lucena Maranh\u00e3o.<em>Foto: Jaim Sim\u00f5es<\/em> <\/figcaption><\/figure>\n\n\n\n<p>A partir da pr\u00f3xima quarta-feira (4), a popula\u00e7\u00e3o j\u00e1 pode conferir a exposi\u00e7\u00e3o com 28 imagens finalistas do IV Concurso de Fotografia Ambiental organizado pelo Instituto do Meio Ambiente do Estado de Alagoas.<br><\/p>\n\n\n\n<p>O tema de 2019 foi Fauna de Alagoas e contou com a inscri\u00e7\u00e3o de 173 imagens feitas em 45 munic\u00edpios, em todas as regi\u00f5es do territ\u00f3rio alagoano. A exposi\u00e7\u00e3o ser\u00e1 aberta para visita\u00e7\u00e3o no Parque Shopping Macei\u00f3, a partir das 10h do dia 4, e segue para visita\u00e7\u00e3o at\u00e9 o dia 18 de setembro.<br><\/p>\n\n\n\n<p>Entre as fotografias inscritas 70 foram tiradas na capital alagoana, sendo que a maioria foi feita no Parque Municipal de Macei\u00f3, inclusive a fotografia que ficou em segundo lugar no Concurso. Al\u00e9m disso, entre as cinco vencedoras, duas foram feitas na Esta\u00e7\u00e3o Ecol\u00f3gica de Murici. Comprovando a import\u00e2ncia das \u00e1reas legalmente protegidas para a preserva\u00e7\u00e3o da biodiversidade.<\/p>\n\n\n\n<p><strong>Vencedores<\/strong><\/p>\n\n\n\n<p>A imagem que ficou em primeiro lugar tem o nome de \u2018Ara\u00e7ari-de-bico-branco alimentando filhote no ninho\u2019 foi feita por Jaim Sim\u00f5es, Pra\u00e7a Coronel Lucena Maranh\u00e3o. O segundo lugar ficou por conta da \u2018A \u201cpr\u00e9 hist\u00f3ria\u201d que nos cerca: jacar\u00e9-de-papo-amarelo que resiste no Parque Municipal de Macei\u00f3\u2019, feita por S\u00e9rgio Leal, no Parque Municipal de Macei\u00f3.<\/p>\n\n\n\n<p>O terceiro lugar \u00e9 a Jararaca-de-murici (Bothrops muriciensis) a serpente continental mais amea\u00e7ada do Brasil feita por Arthur Barbosa de Andrade, e o quarto lugar foi para \u2018Guarde no cora\u00e7\u00e3o &#8211; Perereca Boana semilineata\u2019 de Willams Fagner Soares dos Santos, os dois registros aconteceram na Esta\u00e7\u00e3o Ecol\u00f3gica de Murici. O quinto lugar foi para Todo olhar \u00e9 importe ainda que n\u00e3o seja o seu de Luciano Barbosa da Silva em Murici.<\/p>\n\n\n\n<p>Na quarta edi\u00e7\u00e3o o interesse maior foi na fotografia como linguagem, como forma de retratar a biodiversidade. Por isso, pela primeira vez, as inscri\u00e7\u00f5es n\u00e3o foram separadas por categoria. De modo inusitado, apenas foi solicitado que os animais fossem identificados pelo local de registro, na natureza ou em cativeiro.<\/p>\n\n\n\n<p>Assessoria<\/p>\n","protected":false},"excerpt":{"rendered":"<p>A partir da pr\u00f3xima quarta-feira (4), a popula\u00e7\u00e3o j\u00e1 pode conferir a exposi\u00e7\u00e3o com 28 imagens finalistas<\/p>\n","protected":false},"author":1,"featured_media":8557,"comment_status":"open","ping_status":"open","sticky":false,"template":"","format":"standard","meta":{"footnotes":""},"categories":[60],"tags":[],"class_list":["post-8556","post","type-post","status-publish","format-standard","has-post-thumbnail","hentry","category-capa"],"_links":{"self":[{"href":"https:\/\/4cantosalagoas.com.br\/portal\/wp-json\/wp\/v2\/posts\/8556","targetHints":{"allow":["GET"]}}],"collection":[{"href":"https:\/\/4cantosalagoas.com.br\/portal\/wp-json\/wp\/v2\/posts"}],"about":[{"href":"https:\/\/4cantosalagoas.com.br\/portal\/wp-json\/wp\/v2\/types\/post"}],"author":[{"embeddable":true,"href":"https:\/\/4cantosalagoas.com.br\/portal\/wp-json\/wp\/v2\/users\/1"}],"replies":[{"embeddable":true,"href":"https:\/\/4cantosalagoas.com.br\/portal\/wp-json\/wp\/v2\/comments?post=8556"}],"version-history":[{"count":1,"href":"https:\/\/4cantosalagoas.com.br\/portal\/wp-json\/wp\/v2\/posts\/8556\/revisions"}],"predecessor-version":[{"id":8558,"href":"https:\/\/4cantosalagoas.com.br\/portal\/wp-json\/wp\/v2\/posts\/8556\/revisions\/8558"}],"wp:featuredmedia":[{"embeddable":true,"href":"https:\/\/4cantosalagoas.com.br\/portal\/wp-json\/wp\/v2\/media\/8557"}],"wp:attachment":[{"href":"https:\/\/4cantosalagoas.com.br\/portal\/wp-json\/wp\/v2\/media?parent=8556"}],"wp:term":[{"taxonomy":"category","embeddable":true,"href":"https:\/\/4cantosalagoas.com.br\/portal\/wp-json\/wp\/v2\/categories?post=8556"},{"taxonomy":"post_tag","embeddable":true,"href":"https:\/\/4cantosalagoas.com.br\/portal\/wp-json\/wp\/v2\/tags?post=8556"}],"curies":[{"name":"wp","href":"https:\/\/api.w.org\/{rel}","templated":true}]}}