{"id":8553,"date":"2019-09-02T22:24:21","date_gmt":"2019-09-03T01:24:21","guid":{"rendered":"http:\/\/4cantosalagoas.com.br\/portal\/?p=8553"},"modified":"2019-09-02T22:24:30","modified_gmt":"2019-09-03T01:24:30","slug":"motociclista-fica-ferido-ao-colidir-por-tras-de-carreta-na-br-101","status":"publish","type":"post","link":"https:\/\/4cantosalagoas.com.br\/portal\/motociclista-fica-ferido-ao-colidir-por-tras-de-carreta-na-br-101\/","title":{"rendered":"Motociclista fica ferido ao colidir por tr\u00e1s de carreta na BR 101"},"content":{"rendered":"\n<figure class=\"wp-block-image\"><img fetchpriority=\"high\" decoding=\"async\" width=\"800\" height=\"600\" src=\"http:\/\/4cantosalagoas.com.br\/portal\/wp-content\/uploads\/2019\/09\/mot.jpg\" alt=\"\" class=\"wp-image-8554\" srcset=\"https:\/\/4cantosalagoas.com.br\/portal\/wp-content\/uploads\/2019\/09\/mot.jpg 800w, https:\/\/4cantosalagoas.com.br\/portal\/wp-content\/uploads\/2019\/09\/mot-300x225.jpg 300w, https:\/\/4cantosalagoas.com.br\/portal\/wp-content\/uploads\/2019\/09\/mot-768x576.jpg 768w\" sizes=\"(max-width: 800px) 100vw, 800px\" \/><figcaption>Foto: Alagoasweb<\/figcaption><\/figure>\n\n\n\n<p>\n\nO motociclista Aloisio da Silva dos Santos, de 52 anos, ficou ferido em um acidente de tr\u00e2nsito no in\u00edcio da noite desta segunda-feira, dia 02, num trecho conhecido como \u2018ladeira da Seresta\u2019, na rodovia federal BR 101, pr\u00f3ximo a Teot\u00f4nio Vilela.<\/p>\n\n\n\n<p>A v\u00edtima conduzia uma motociclista Yamaha modelo Factor, cor vermelha, placa OHI-6505\/AL, quando bateu na traseira de uma carreta, o modelo e placa do ve\u00edculo pesado n\u00e3o foi informado. <\/p>\n\n\n\n<p>\n\nA v\u00edtima utilizava capacete, mas sofreu uma pancada na cabe\u00e7a, al\u00e9m de v\u00e1rias escoria\u00e7\u00f5es. O home foi socorrido atrav\u00e9s do Servi\u00e7o de Atendimento M\u00f3vel de Urg\u00eancia (SAMU) e encaminhado ao Hospital de Emerg\u00eancia do Agreste, em Arapiraca.<\/p>\n\n\n\n<p>A ocorr\u00eancia foi acompanhada pela Guarda Civil Municipal (GCM), que deu total suporte no trabalho de socorro e de controle do tr\u00e2nsito durante o atendimento da v\u00edtima. <\/p>\n\n\n\n<p>Fonte: Alagoasweb<\/p>\n","protected":false},"excerpt":{"rendered":"<p>O motociclista Aloisio da Silva dos Santos, de 52 anos, ficou ferido em um acidente de tr\u00e2nsito<\/p>\n","protected":false},"author":1,"featured_media":8554,"comment_status":"open","ping_status":"open","sticky":false,"template":"","format":"standard","meta":{"footnotes":""},"categories":[60],"tags":[],"class_list":["post-8553","post","type-post","status-publish","format-standard","has-post-thumbnail","hentry","category-capa"],"_links":{"self":[{"href":"https:\/\/4cantosalagoas.com.br\/portal\/wp-json\/wp\/v2\/posts\/8553","targetHints":{"allow":["GET"]}}],"collection":[{"href":"https:\/\/4cantosalagoas.com.br\/portal\/wp-json\/wp\/v2\/posts"}],"about":[{"href":"https:\/\/4cantosalagoas.com.br\/portal\/wp-json\/wp\/v2\/types\/post"}],"author":[{"embeddable":true,"href":"https:\/\/4cantosalagoas.com.br\/portal\/wp-json\/wp\/v2\/users\/1"}],"replies":[{"embeddable":true,"href":"https:\/\/4cantosalagoas.com.br\/portal\/wp-json\/wp\/v2\/comments?post=8553"}],"version-history":[{"count":1,"href":"https:\/\/4cantosalagoas.com.br\/portal\/wp-json\/wp\/v2\/posts\/8553\/revisions"}],"predecessor-version":[{"id":8555,"href":"https:\/\/4cantosalagoas.com.br\/portal\/wp-json\/wp\/v2\/posts\/8553\/revisions\/8555"}],"wp:featuredmedia":[{"embeddable":true,"href":"https:\/\/4cantosalagoas.com.br\/portal\/wp-json\/wp\/v2\/media\/8554"}],"wp:attachment":[{"href":"https:\/\/4cantosalagoas.com.br\/portal\/wp-json\/wp\/v2\/media?parent=8553"}],"wp:term":[{"taxonomy":"category","embeddable":true,"href":"https:\/\/4cantosalagoas.com.br\/portal\/wp-json\/wp\/v2\/categories?post=8553"},{"taxonomy":"post_tag","embeddable":true,"href":"https:\/\/4cantosalagoas.com.br\/portal\/wp-json\/wp\/v2\/tags?post=8553"}],"curies":[{"name":"wp","href":"https:\/\/api.w.org\/{rel}","templated":true}]}}