{"id":8550,"date":"2019-09-02T22:18:34","date_gmt":"2019-09-03T01:18:34","guid":{"rendered":"http:\/\/4cantosalagoas.com.br\/portal\/?p=8550"},"modified":"2019-09-04T10:04:25","modified_gmt":"2019-09-04T13:04:25","slug":"escultura-do-escritor-ledo-ivo-sera-inaugurada-nesta-terca","status":"publish","type":"post","link":"https:\/\/4cantosalagoas.com.br\/portal\/escultura-do-escritor-ledo-ivo-sera-inaugurada-nesta-terca\/","title":{"rendered":"Escultura do escritor L\u00eado Ivo ser\u00e1 inaugurada nesta ter\u00e7a"},"content":{"rendered":"\n<figure class=\"wp-block-image\"><img fetchpriority=\"high\" decoding=\"async\" width=\"960\" height=\"542\" src=\"http:\/\/4cantosalagoas.com.br\/portal\/wp-content\/uploads\/2019\/09\/ledo.jpeg\" alt=\"\" class=\"wp-image-8551\" srcset=\"https:\/\/4cantosalagoas.com.br\/portal\/wp-content\/uploads\/2019\/09\/ledo.jpeg 960w, https:\/\/4cantosalagoas.com.br\/portal\/wp-content\/uploads\/2019\/09\/ledo-300x169.jpeg 300w, https:\/\/4cantosalagoas.com.br\/portal\/wp-content\/uploads\/2019\/09\/ledo-768x434.jpeg 768w\" sizes=\"(max-width: 960px) 100vw, 960px\" \/><figcaption> <br>L\u00eado Ivo ser\u00e1 o quinto ilustre homenageado com escultura de bronze, em Macei\u00f3. Foto: divulga\u00e7\u00e3o <\/figcaption><\/figure>\n\n\n\n<p>Nesta ter\u00e7a-feira (3), a partir das 8h30, na orla mar\u00edtima da Jati\u00faca, ser\u00e1 realizada a inaugura\u00e7\u00e3o da escultura do escritor alagoano L\u00eado Ivo. O monumento de bronze, instalado no Posto 7, foi feito pelo artista pl\u00e1stico e escultor mineiro L\u00e9o Santana,&nbsp; que tamb\u00e9m \u00e9 respons\u00e1vel pela escultura do poeta Carlos Drummond de Andrade, posicionada no cal\u00e7ad\u00e3o de Copacabana, no Rio de Janeiro.<\/p>\n\n\n\n<p>Al\u00e9m de L\u00eado Ivo, outros quatro ilustres alagoanos foram homenageados com esculturas em tamanho real feitas de bronze: Graciliano Ramos e Aur\u00e9lio Buarque de Holanda, inauguradas em 2015 em comemora\u00e7\u00e3o aos 200 anos de Macei\u00f3, o ator Paulo Gracindo, inaugurada dois anos depois, e a m\u00e9dica psiquiatra Nise da Silveira, inaugurada em julho deste ano. Todos os monumentos foram feitos por L\u00e9o Santana.<\/p>\n\n\n\n<p>A inaugura\u00e7\u00e3o da escultura de L\u00eado Ivo contar\u00e1 com a presen\u00e7a de familiares do ilustre e de membros da Academia Alagoana de Letras.<\/p>\n\n\n\n<p><strong>Trajet\u00f3ria<\/strong><\/p>\n\n\n\n<p>L\u00eado Ivo nasceu em Macei\u00f3 no dia 16 de fevereiro de 1924. Em 1940, mudou-se para a cidade de Recife, onde participou do primeiro congresso de poesia da capital pernambucana. Em 1943, passou a morar no Rio de Janeiro e a estudar na Faculdade Nacional de Direito da Universidade do Brasil.<\/p>\n\n\n\n<p>Em 1944, estreou na literatura com as \u201cImagina\u00e7\u00f5es\u201d, livro de poesia, e no ano seguinte publicou \u201cOde e Elegia\u201d. Posteriormente, sua obra liter\u00e1ria foi expandida com a publica\u00e7\u00e3o de livros de poesia, romance, cr\u00f4nica, conto e ensaio.<\/p>\n\n\n\n<p>Em 1947, seu romance de estreia \u201cAs Alian\u00e7as\u201d foi considerado o melhor romance pela Funda\u00e7\u00e3o Gra\u00e7a Aranha, mas este n\u00e3o foi o \u00fanico pr\u00eamio atribu\u00eddo ao ilustre alagoano: L\u00eado Ivo, tamb\u00e9m, foi agraciado com os pr\u00eamios Olavo Bilac e Carlos Laet, da Academia Brasileira de Letras, de Mem\u00f3ria, da Funda\u00e7\u00e3o Cultural do Distrito Federal, e Golfinho de Ouro, do Governo do Estado do Rio de Janeiro.<\/p>\n\n\n\n<p>Sua obra foi reconhecida, tamb\u00e9m, internacionalmente atrav\u00e9s dos pr\u00eamios Poesia del Mundo Latino Victor Sandoval, do M\u00e9xico, de Literatura Brasileira da Casa de Las Am\u00e9ricas, de Cuba, e Rosal\u00eda de Castro, da Espanha.<\/p>\n\n\n\n<p>Em 1949, pronunciou, no Museu de Arte Moderna de S\u00e3o Paulo, a confer\u00eancia \u201cA gera\u00e7\u00e3o de 1945\u201d. Neste ano, concluiu a gradua\u00e7\u00e3o na Faculdade Nacional de Direito, mas n\u00e3o exerceu a profiss\u00e3o.<\/p>\n\n\n\n<p>L\u00eado Ivo foi membro efetivo da Academia Alagoana de Letras, s\u00f3cio honor\u00e1rio do Instituto Hist\u00f3rico e Geogr\u00e1fico de Alagoas, s\u00f3cio efetivo da Academia de Letras do Brasil, s\u00f3cio honor\u00e1rio da Academia Petropolitana de Letras e s\u00f3cio correspondente do Instituto Hist\u00f3rico e Geogr\u00e1fico do Distrito Federal.<\/p>\n\n\n\n<p>Ao longo de sua trajet\u00f3ria liter\u00e1ria, o escritor alagoano foi convidado numerosas vezes a representar o Brasil em congressos culturais e a participar de encontros internacionais de poesia.<\/p>\n\n\n\n<p>Robson Muller \/ Ascom FMAC<\/p>\n","protected":false},"excerpt":{"rendered":"<p>Nesta ter\u00e7a-feira (3), a partir das 8h30, na orla mar\u00edtima da Jati\u00faca, ser\u00e1 realizada a inaugura\u00e7\u00e3o da<\/p>\n","protected":false},"author":1,"featured_media":8551,"comment_status":"open","ping_status":"open","sticky":false,"template":"","format":"standard","meta":{"footnotes":""},"categories":[4],"tags":[],"class_list":["post-8550","post","type-post","status-publish","format-standard","has-post-thumbnail","hentry","category-noticias"],"_links":{"self":[{"href":"https:\/\/4cantosalagoas.com.br\/portal\/wp-json\/wp\/v2\/posts\/8550","targetHints":{"allow":["GET"]}}],"collection":[{"href":"https:\/\/4cantosalagoas.com.br\/portal\/wp-json\/wp\/v2\/posts"}],"about":[{"href":"https:\/\/4cantosalagoas.com.br\/portal\/wp-json\/wp\/v2\/types\/post"}],"author":[{"embeddable":true,"href":"https:\/\/4cantosalagoas.com.br\/portal\/wp-json\/wp\/v2\/users\/1"}],"replies":[{"embeddable":true,"href":"https:\/\/4cantosalagoas.com.br\/portal\/wp-json\/wp\/v2\/comments?post=8550"}],"version-history":[{"count":1,"href":"https:\/\/4cantosalagoas.com.br\/portal\/wp-json\/wp\/v2\/posts\/8550\/revisions"}],"predecessor-version":[{"id":8552,"href":"https:\/\/4cantosalagoas.com.br\/portal\/wp-json\/wp\/v2\/posts\/8550\/revisions\/8552"}],"wp:featuredmedia":[{"embeddable":true,"href":"https:\/\/4cantosalagoas.com.br\/portal\/wp-json\/wp\/v2\/media\/8551"}],"wp:attachment":[{"href":"https:\/\/4cantosalagoas.com.br\/portal\/wp-json\/wp\/v2\/media?parent=8550"}],"wp:term":[{"taxonomy":"category","embeddable":true,"href":"https:\/\/4cantosalagoas.com.br\/portal\/wp-json\/wp\/v2\/categories?post=8550"},{"taxonomy":"post_tag","embeddable":true,"href":"https:\/\/4cantosalagoas.com.br\/portal\/wp-json\/wp\/v2\/tags?post=8550"}],"curies":[{"name":"wp","href":"https:\/\/api.w.org\/{rel}","templated":true}]}}