{"id":8547,"date":"2019-09-02T22:13:26","date_gmt":"2019-09-03T01:13:26","guid":{"rendered":"http:\/\/4cantosalagoas.com.br\/portal\/?p=8547"},"modified":"2019-09-02T22:13:37","modified_gmt":"2019-09-03T01:13:37","slug":"pc-analisa-dados-e-discute-melhorias-para-seguranca-publica-no-agreste-e-baixo-sao-francisco","status":"publish","type":"post","link":"https:\/\/4cantosalagoas.com.br\/portal\/pc-analisa-dados-e-discute-melhorias-para-seguranca-publica-no-agreste-e-baixo-sao-francisco\/","title":{"rendered":"PC analisa dados e discute melhorias para seguran\u00e7a p\u00fablica no Agreste e Baixo S\u00e3o Francisco"},"content":{"rendered":"\n<figure class=\"wp-block-image\"><img fetchpriority=\"high\" decoding=\"async\" width=\"1280\" height=\"960\" src=\"https:\/\/i1.wp.com\/4cantosalagoas.com.br\/portal\/wp-content\/uploads\/2019\/09\/Foto-reuni\u00e3o-gpj3.jpg?fit=1024%2C768\" alt=\"\" class=\"wp-image-8548\" srcset=\"https:\/\/4cantosalagoas.com.br\/portal\/wp-content\/uploads\/2019\/09\/Foto-reuni\u00e3o-gpj3.jpg 1280w, https:\/\/4cantosalagoas.com.br\/portal\/wp-content\/uploads\/2019\/09\/Foto-reuni\u00e3o-gpj3-300x225.jpg 300w, https:\/\/4cantosalagoas.com.br\/portal\/wp-content\/uploads\/2019\/09\/Foto-reuni\u00e3o-gpj3-768x576.jpg 768w, https:\/\/4cantosalagoas.com.br\/portal\/wp-content\/uploads\/2019\/09\/Foto-reuni\u00e3o-gpj3-1024x768.jpg 1024w\" sizes=\"(max-width: 1280px) 100vw, 1280px\" \/><figcaption>Assessoria<\/figcaption><\/figure>\n\n\n\n<p>Delegados do Agreste e do Baixo S\u00e3o Francisco alagoanos estiveram reunidos na manh\u00e3 desta segunda-feira (2) para discutir estrat\u00e9gias objetivando melhorar ainda mais o trabalho realizado pela institui\u00e7\u00e3o na regi\u00e3o.<\/p>\n\n\n\n<p>O encontro convocado pelo delegado M\u00e1rio Jorge Barros, gerente de Pol\u00edcia Judici\u00e1ria da Regi\u00e3o 3 (GPJ3), aconteceu na sede da PC, no bairro de Jacarecica, e teve tamb\u00e9m a participa\u00e7\u00e3o de integrantes da Assessoria T\u00e9cnica de Estat\u00edstica e An\u00e1lise Criminal (ATEAC).<\/p>\n\n\n\n<p>Pelos dados mostrados pela ATEAC, por meio de sua equipe, coordenada pelo agente PC S\u00e1lvio Marinho, as regi\u00f5es do Agreste e Baixo S\u00e3o Francisco, junto com Macei\u00f3, tem colaborado de forma significativa para a redu\u00e7\u00e3o da criminalidade, em rela\u00e7\u00e3o aos homic\u00eddios, no Estado.<\/p>\n\n\n\n<p>Mas, na reuni\u00e3o, foram debatidas formas de aumentar o n\u00famero de esclarecimentos dos inqu\u00e9ritos policiais sobre homic\u00eddios apontando-se a autoria.<\/p>\n\n\n\n<p>\u201cNossa regi\u00e3o tem baixado o \u00edndice de assassinatos. No entanto, precisamos elucidar em maior n\u00famero esses crimes, e, al\u00e9m disso, alimentarmos diariamente nossos sistemas de estat\u00edstica, para que a efici\u00eancia de nosso trabalho seja demonstrado de forma clara\u201d, disse o delegado M\u00e1rio Jorge Barros.<\/p>\n\n\n\n<figure class=\"wp-block-image\"><a href=\"http:\/\/pc.al.gov.br\/home\/id\/wp-content\/uploads\/2019\/09\/Foto-reuni%C3%A3o-gpj3-em-2-9.jpg\"><img decoding=\"async\" src=\"http:\/\/pc.al.gov.br\/home\/id\/wp-content\/uploads\/2019\/09\/Foto-reuni%C3%A3o-gpj3-em-2-9-300x225.jpg\" alt=\"\" class=\"wp-image-23373\"\/><\/a><figcaption>Delegado M\u00e1rio Jorge Barros fala com os delegados e presentes na reuni\u00e3o.<\/figcaption><\/figure>\n\n\n\n<p>Uma nova reuni\u00e3o ficou marcada com os delegados das duas regi\u00f5es para que se fa\u00e7a uma an\u00e1lise do que avan\u00e7ou nesse per\u00edodo, quanto aos assuntos debatidos. Posteriormente, chefes de cart\u00f3rios tamb\u00e9m ser\u00e3o convocados.<\/p>\n\n\n\n<p>As reuni\u00f5es das ger\u00eancias de \u00e1reas com os delegados regionais e distritais t\u00eam o incentivo do delegado-geral Paulo Cerqueira. \u201cA Pol\u00edcia Civil como \u00f3rg\u00e3o de seguran\u00e7a p\u00fablica tem satisfa\u00e7\u00e3o a dar a sociedade sobre o seu trabalho. E com esses encontros estamos ajustando formas de oferecer uma presta\u00e7\u00e3o de contas condigna com a realidade a todos os alagoanos\u201d, salientou.<\/p>\n\n\n\n<p>Assessoria<\/p>\n","protected":false},"excerpt":{"rendered":"<p>Delegados do Agreste e do Baixo S\u00e3o Francisco alagoanos estiveram reunidos na manh\u00e3 desta segunda-feira (2) para<\/p>\n","protected":false},"author":1,"featured_media":8548,"comment_status":"open","ping_status":"open","sticky":false,"template":"","format":"standard","meta":{"footnotes":""},"categories":[60],"tags":[],"class_list":["post-8547","post","type-post","status-publish","format-standard","has-post-thumbnail","hentry","category-capa"],"_links":{"self":[{"href":"https:\/\/4cantosalagoas.com.br\/portal\/wp-json\/wp\/v2\/posts\/8547","targetHints":{"allow":["GET"]}}],"collection":[{"href":"https:\/\/4cantosalagoas.com.br\/portal\/wp-json\/wp\/v2\/posts"}],"about":[{"href":"https:\/\/4cantosalagoas.com.br\/portal\/wp-json\/wp\/v2\/types\/post"}],"author":[{"embeddable":true,"href":"https:\/\/4cantosalagoas.com.br\/portal\/wp-json\/wp\/v2\/users\/1"}],"replies":[{"embeddable":true,"href":"https:\/\/4cantosalagoas.com.br\/portal\/wp-json\/wp\/v2\/comments?post=8547"}],"version-history":[{"count":1,"href":"https:\/\/4cantosalagoas.com.br\/portal\/wp-json\/wp\/v2\/posts\/8547\/revisions"}],"predecessor-version":[{"id":8549,"href":"https:\/\/4cantosalagoas.com.br\/portal\/wp-json\/wp\/v2\/posts\/8547\/revisions\/8549"}],"wp:featuredmedia":[{"embeddable":true,"href":"https:\/\/4cantosalagoas.com.br\/portal\/wp-json\/wp\/v2\/media\/8548"}],"wp:attachment":[{"href":"https:\/\/4cantosalagoas.com.br\/portal\/wp-json\/wp\/v2\/media?parent=8547"}],"wp:term":[{"taxonomy":"category","embeddable":true,"href":"https:\/\/4cantosalagoas.com.br\/portal\/wp-json\/wp\/v2\/categories?post=8547"},{"taxonomy":"post_tag","embeddable":true,"href":"https:\/\/4cantosalagoas.com.br\/portal\/wp-json\/wp\/v2\/tags?post=8547"}],"curies":[{"name":"wp","href":"https:\/\/api.w.org\/{rel}","templated":true}]}}