{"id":8535,"date":"2019-08-30T18:50:27","date_gmt":"2019-08-30T21:50:27","guid":{"rendered":"http:\/\/4cantosalagoas.com.br\/portal\/?p=8535"},"modified":"2019-08-30T18:50:38","modified_gmt":"2019-08-30T21:50:38","slug":"confira-as-interdicoes-de-transito-para-o-fim-de-semana-2","status":"publish","type":"post","link":"https:\/\/4cantosalagoas.com.br\/portal\/confira-as-interdicoes-de-transito-para-o-fim-de-semana-2\/","title":{"rendered":"Confira as interdi\u00e7\u00f5es de tr\u00e2nsito para o fim de semana"},"content":{"rendered":"\n<figure class=\"wp-block-image\"><img fetchpriority=\"high\" decoding=\"async\" width=\"1280\" height=\"960\" src=\"https:\/\/i0.wp.com\/4cantosalagoas.com.br\/portal\/wp-content\/uploads\/2019\/08\/tars.jpeg?fit=1024%2C768\" alt=\"\" class=\"wp-image-8536\" srcset=\"https:\/\/4cantosalagoas.com.br\/portal\/wp-content\/uploads\/2019\/08\/tars.jpeg 1280w, https:\/\/4cantosalagoas.com.br\/portal\/wp-content\/uploads\/2019\/08\/tars-300x225.jpeg 300w, https:\/\/4cantosalagoas.com.br\/portal\/wp-content\/uploads\/2019\/08\/tars-768x576.jpeg 768w, https:\/\/4cantosalagoas.com.br\/portal\/wp-content\/uploads\/2019\/08\/tars-1024x768.jpeg 1024w\" sizes=\"(max-width: 1280px) 100vw, 1280px\" \/><figcaption> <br>SMTT garantir\u00e1 o ordenamento do tr\u00e2nsito durante os eventos deste final de semana. Foto: SMTT <\/figcaption><\/figure>\n\n\n\n<p>Os condutores dever\u00e3o ficar atentos \u00e0s interdi\u00e7\u00f5es de tr\u00e2nsito que ser\u00e3o realizadas pelas equipes da Superintend\u00eancia Municipal de Transportes e Tr\u00e2nsito (SMTT) neste fim de semana, devido \u00e0 realiza\u00e7\u00e3o de alguns eventos na parte baixa de Macei\u00f3,.<\/p>\n\n\n\n<p>No s\u00e1bado (31), em decorr\u00eancia da Corrida da Advocacia e Cidadania, promovida pela Ordem dos Advogados do Brasil (OAB), a SMTT interditar\u00e1, das 16h \u00e0s 17h30, dois pontos ao longo da Avenida Pontes de Miranda, a Via Litor\u00e2nea, em Cruz das Almas.<\/p>\n\n\n\n<p>O primeiro ponto de bloqueio ser\u00e1 feito no cruzamento da Via Litor\u00e2nea com a Rua Jo\u00e3o Canuto da Silva, em Cruz das Almas. Neste trecho, o fluxo de ve\u00edculos proveniente da Jati\u00faca ser\u00e1 desviado para a Avenida Gustavo Paiva. J\u00e1 o segundo ponto de bloqueio ser\u00e1 feito no cruzamento da Via Litor\u00e2nea com a Rua Jarmelino Jorge de Souza.<\/p>\n\n\n\n<p>Ainda no s\u00e1bado (31), o fluxo de ve\u00edculos no entorno do Gin\u00e1sio do Sesi, no bairro Trapiche da Barra, tamb\u00e9m ser\u00e1 modificado pelas equipes da SMTT. Devido \u00e0 realiza\u00e7\u00e3o de um evento religioso, a Superintend\u00eancia bloquear\u00e1, das 17h \u00e1s 22h, dois pontos da regi\u00e3o.<\/p>\n\n\n\n<p>O primeiro ponto de bloqueio ser\u00e1 no cruzamento da Avenida Siqueira Campos com a Rua Cabo Reis. J\u00e1 o segundo local de interdi\u00e7\u00e3o ser\u00e1 nas intersec\u00e7\u00f5es da Avenida Siqueira Campos com a Rua Lagoa Hotel.<\/p>\n\n\n\n<p><strong>Interdi\u00e7\u00f5es no domingo<\/strong><\/p>\n\n\n\n<p>No domingo, 1\u00ba de setembro, um evento esportivo ir\u00e1 modificar o tr\u00e2nsito na orla mar\u00edtima da capital. As interdi\u00e7\u00f5es para a Corrida do Cooperativismo, que ser\u00e3o iniciadas a partir das 5h, se estender\u00e3o pela Avenida \u00c1lvaro Otac\u00edlio, na Ponta Verde, seguindo at\u00e9 a Avenida Assis Chateaubriand, no Pontal.<\/p>\n\n\n\n<p>O primeiro ponto de bloqueio ser\u00e1 realizado na rotat\u00f3ria da Braskem. O fluxo de ve\u00edculos proveniente do Pontal ser\u00e1 desviado para a Rua Oseias Rosas, no Trapiche. Outro ponto de interdi\u00e7\u00e3o ser\u00e1 efetuado no cruzamento da Avenida da Paz com a Avenida Dep. Humberto Mendes, no Po\u00e7o, impedindo o acesso dos condutores em dire\u00e7\u00e3o ao Porto de Macei\u00f3.<\/p>\n\n\n\n<p>J\u00e1 a terceira interrup\u00e7\u00e3o ser\u00e1 nas proximidades do Porto de Macei\u00f3, onde os agentes de tr\u00e2nsito controlar\u00e3o a entrada e sa\u00edda de ve\u00edculos, priorizando a seguran\u00e7a dos atletas. Os competidores usar\u00e3o apenas as faixas mais pr\u00f3ximas das barracas da orla, deixando o sentido Ponta Verde \u2013 Jaragu\u00e1 livre para o tr\u00e1fego de ve\u00edculos. A interrup\u00e7\u00f5es ser\u00e3o feitas at\u00e9 o t\u00e9rmino do evento.<\/p>\n\n\n\n<p>Equipes da SMTT estar\u00e3o nos locais para garantir a seguran\u00e7a vi\u00e1ria e orientar os condutores que trafegarem pela regi\u00e3o.<\/p>\n\n\n\n<p>Ascom SMTT<\/p>\n","protected":false},"excerpt":{"rendered":"<p>Os condutores dever\u00e3o ficar atentos \u00e0s interdi\u00e7\u00f5es de tr\u00e2nsito que ser\u00e3o realizadas pelas equipes da Superintend\u00eancia Municipal<\/p>\n","protected":false},"author":1,"featured_media":8536,"comment_status":"open","ping_status":"open","sticky":false,"template":"","format":"standard","meta":{"footnotes":""},"categories":[60],"tags":[],"class_list":["post-8535","post","type-post","status-publish","format-standard","has-post-thumbnail","hentry","category-capa"],"_links":{"self":[{"href":"https:\/\/4cantosalagoas.com.br\/portal\/wp-json\/wp\/v2\/posts\/8535","targetHints":{"allow":["GET"]}}],"collection":[{"href":"https:\/\/4cantosalagoas.com.br\/portal\/wp-json\/wp\/v2\/posts"}],"about":[{"href":"https:\/\/4cantosalagoas.com.br\/portal\/wp-json\/wp\/v2\/types\/post"}],"author":[{"embeddable":true,"href":"https:\/\/4cantosalagoas.com.br\/portal\/wp-json\/wp\/v2\/users\/1"}],"replies":[{"embeddable":true,"href":"https:\/\/4cantosalagoas.com.br\/portal\/wp-json\/wp\/v2\/comments?post=8535"}],"version-history":[{"count":1,"href":"https:\/\/4cantosalagoas.com.br\/portal\/wp-json\/wp\/v2\/posts\/8535\/revisions"}],"predecessor-version":[{"id":8537,"href":"https:\/\/4cantosalagoas.com.br\/portal\/wp-json\/wp\/v2\/posts\/8535\/revisions\/8537"}],"wp:featuredmedia":[{"embeddable":true,"href":"https:\/\/4cantosalagoas.com.br\/portal\/wp-json\/wp\/v2\/media\/8536"}],"wp:attachment":[{"href":"https:\/\/4cantosalagoas.com.br\/portal\/wp-json\/wp\/v2\/media?parent=8535"}],"wp:term":[{"taxonomy":"category","embeddable":true,"href":"https:\/\/4cantosalagoas.com.br\/portal\/wp-json\/wp\/v2\/categories?post=8535"},{"taxonomy":"post_tag","embeddable":true,"href":"https:\/\/4cantosalagoas.com.br\/portal\/wp-json\/wp\/v2\/tags?post=8535"}],"curies":[{"name":"wp","href":"https:\/\/api.w.org\/{rel}","templated":true}]}}