{"id":8532,"date":"2019-08-30T07:47:53","date_gmt":"2019-08-30T10:47:53","guid":{"rendered":"http:\/\/4cantosalagoas.com.br\/portal\/?p=8532"},"modified":"2019-08-30T08:05:37","modified_gmt":"2019-08-30T11:05:37","slug":"confira-a-programacao-do-27o-festival-de-bumba-meu-boi","status":"publish","type":"post","link":"https:\/\/4cantosalagoas.com.br\/portal\/confira-a-programacao-do-27o-festival-de-bumba-meu-boi\/","title":{"rendered":"Confira a programa\u00e7\u00e3o do 27\u00ba Festival de Bumba Meu Boi"},"content":{"rendered":"\n<figure class=\"wp-block-image\"><img fetchpriority=\"high\" decoding=\"async\" width=\"1024\" height=\"683\" src=\"https:\/\/i1.wp.com\/4cantosalagoas.com.br\/portal\/wp-content\/uploads\/2019\/08\/boi.jpg?fit=1024%2C683\" alt=\"\" class=\"wp-image-8533\" srcset=\"https:\/\/4cantosalagoas.com.br\/portal\/wp-content\/uploads\/2019\/08\/boi.jpg 1024w, https:\/\/4cantosalagoas.com.br\/portal\/wp-content\/uploads\/2019\/08\/boi-300x200.jpg 300w, https:\/\/4cantosalagoas.com.br\/portal\/wp-content\/uploads\/2019\/08\/boi-768x512.jpg 768w\" sizes=\"(max-width: 1024px) 100vw, 1024px\" \/><figcaption> <br>A 26\u00aa edi\u00e7\u00e3o do Festival Bumba Meu Boi de Macei\u00f3. Foto: Pei Fon\/ Secom Macei\u00f3 <\/figcaption><\/figure>\n\n\n\n<p>A arena est\u00e1 quase pronta para o in\u00edcio da 27\u00aa edi\u00e7\u00e3o do Festival de Bumba Meu Boi de Macei\u00f3, que acontece nesta sexta-feira (30) e no s\u00e1bado (31), a partir das 18h, no estacionamento do Jaragu\u00e1. Neste ano, o evento contar\u00e1 com a participa\u00e7\u00e3o de 20 grupos e cada apresenta\u00e7\u00e3o ter\u00e1 dura\u00e7\u00e3o m\u00e1xima de 30 minutos.<\/p>\n\n\n\n<p>O Festival de Bumba Meu Boi \u00e9 uma realiza\u00e7\u00e3o da Prefeitura de Macei\u00f3, por meio da Funda\u00e7\u00e3o Municipal de A\u00e7\u00e3o Cultural (Fmac), e da Liga de Bumba Meu Boi. Na sexta-feira (30), o evento contar\u00e1 com a participa\u00e7\u00e3o dos grupos Imperador, Treme-Terra, Drag\u00e3ozinho, Kimera, Anaconda e P\u00e9rola, do grupo de acesso, al\u00e9m do Cobra Negra, Tigre e C\u00e3o de Ra\u00e7a, do grupo especial.<\/p>\n\n\n\n<p>No s\u00e1bado (31), os grupos For\u00e7a Bruta, \u00c1guia, Africano, Trov\u00e3o, \u00c1guia de Ouro, F\u00eanix, Diamante, Ax\u00e9, Lacrau, Bumb\u00e1 Alagoano e Vingador, da categoria especial, ir\u00e3o compor a programa\u00e7\u00e3o do festival. De acordo com o diretor de Produ\u00e7\u00e3o Cultural da Funda\u00e7\u00e3o, Keyler Sim\u00f5es, cerca de 20 mil pessoas devem prestigiar a edi\u00e7\u00e3o deste ano do festival.&nbsp;\u201cTodos os anos as arquibancadas ficam lotadas e n\u00e3o esperamos que seja diferente na edi\u00e7\u00e3o de 2019. \u00c9 importante mencionar que a estrutura da arena \u00e9, hoje, muito maior e mais adequada para receber o p\u00fablico, os jurados e os pr\u00f3prios grupos de Bumba Meu Boi, que promovem verdadeiros espet\u00e1culos\u201d, disse.<\/p>\n\n\n\n<p>O Festival de Bumba Meu Boi de Macei\u00f3 \u00e9 uma das a\u00e7\u00f5es do Projeto Ginga Macei\u00f3, que est\u00e1 viabilizando a realiza\u00e7\u00e3o de diversas iniciativas culturais em Macei\u00f3, a exemplo do Ginga Capoeira e dos eventos Xang\u00f4 Rezado Alto, Saur\u00ea Palmares e Festa das \u00c1guas, por meio de uma emenda parlamentar do ent\u00e3o deputado federal Ronaldo Lessa.<\/p>\n\n\n\n<p>Al\u00e9m de fomentar os grupos participantes com ajudas de custo atrav\u00e9s de edital, o Munic\u00edpio viabilizou a estrutura do festival.<\/p>\n\n\n\n<p>Robson Muller\/ Ascom Fmac<\/p>\n","protected":false},"excerpt":{"rendered":"<p>A arena est\u00e1 quase pronta para o in\u00edcio da 27\u00aa edi\u00e7\u00e3o do Festival de Bumba Meu Boi<\/p>\n","protected":false},"author":1,"featured_media":8533,"comment_status":"open","ping_status":"open","sticky":false,"template":"","format":"standard","meta":{"footnotes":""},"categories":[60,4],"tags":[],"class_list":["post-8532","post","type-post","status-publish","format-standard","has-post-thumbnail","hentry","category-capa","category-noticias"],"_links":{"self":[{"href":"https:\/\/4cantosalagoas.com.br\/portal\/wp-json\/wp\/v2\/posts\/8532","targetHints":{"allow":["GET"]}}],"collection":[{"href":"https:\/\/4cantosalagoas.com.br\/portal\/wp-json\/wp\/v2\/posts"}],"about":[{"href":"https:\/\/4cantosalagoas.com.br\/portal\/wp-json\/wp\/v2\/types\/post"}],"author":[{"embeddable":true,"href":"https:\/\/4cantosalagoas.com.br\/portal\/wp-json\/wp\/v2\/users\/1"}],"replies":[{"embeddable":true,"href":"https:\/\/4cantosalagoas.com.br\/portal\/wp-json\/wp\/v2\/comments?post=8532"}],"version-history":[{"count":1,"href":"https:\/\/4cantosalagoas.com.br\/portal\/wp-json\/wp\/v2\/posts\/8532\/revisions"}],"predecessor-version":[{"id":8534,"href":"https:\/\/4cantosalagoas.com.br\/portal\/wp-json\/wp\/v2\/posts\/8532\/revisions\/8534"}],"wp:featuredmedia":[{"embeddable":true,"href":"https:\/\/4cantosalagoas.com.br\/portal\/wp-json\/wp\/v2\/media\/8533"}],"wp:attachment":[{"href":"https:\/\/4cantosalagoas.com.br\/portal\/wp-json\/wp\/v2\/media?parent=8532"}],"wp:term":[{"taxonomy":"category","embeddable":true,"href":"https:\/\/4cantosalagoas.com.br\/portal\/wp-json\/wp\/v2\/categories?post=8532"},{"taxonomy":"post_tag","embeddable":true,"href":"https:\/\/4cantosalagoas.com.br\/portal\/wp-json\/wp\/v2\/tags?post=8532"}],"curies":[{"name":"wp","href":"https:\/\/api.w.org\/{rel}","templated":true}]}}