{"id":8529,"date":"2019-08-30T07:40:10","date_gmt":"2019-08-30T10:40:10","guid":{"rendered":"http:\/\/4cantosalagoas.com.br\/portal\/?p=8529"},"modified":"2019-08-30T07:40:20","modified_gmt":"2019-08-30T10:40:20","slug":"inscricoes-em-edital-do-acoes-culturais-seguem-ate-esta-sexta","status":"publish","type":"post","link":"https:\/\/4cantosalagoas.com.br\/portal\/inscricoes-em-edital-do-acoes-culturais-seguem-ate-esta-sexta\/","title":{"rendered":"Inscri\u00e7\u00f5es em edital do A\u00e7\u00f5es Culturais seguem at\u00e9 esta sexta"},"content":{"rendered":"\n<figure class=\"wp-block-image\"><img fetchpriority=\"high\" decoding=\"async\" width=\"1024\" height=\"683\" src=\"https:\/\/i2.wp.com\/4cantosalagoas.com.br\/portal\/wp-content\/uploads\/2019\/08\/fem.jpg?fit=1024%2C683\" alt=\"\" class=\"wp-image-8530\" srcset=\"https:\/\/4cantosalagoas.com.br\/portal\/wp-content\/uploads\/2019\/08\/fem.jpg 1024w, https:\/\/4cantosalagoas.com.br\/portal\/wp-content\/uploads\/2019\/08\/fem-300x200.jpg 300w, https:\/\/4cantosalagoas.com.br\/portal\/wp-content\/uploads\/2019\/08\/fem-768x512.jpg 768w\" sizes=\"(max-width: 1024px) 100vw, 1024px\" \/><figcaption> <br>Fachada da Funda\u00e7\u00e3o de Cultura de Macei\u00f3. Foto: Pei Fon Secom\/Macei\u00f3 <\/figcaption><\/figure>\n\n\n\n<p>Os interessados em participar do edital destinado \u00e0 nova etapa do Projeto A\u00e7\u00f5es Culturais para a Cidade de Macei\u00f3,&nbsp; que ser\u00e1 executado na Grota da Alegria, localizada no bairro Benedito Bentes, poder\u00e3o apresentar propostas na sede da Funda\u00e7\u00e3o Municipal de A\u00e7\u00e3o Cultural (FMAC) at\u00e9 esta sexta-feira (30).<\/p>\n\n\n\n<p>A chamada p\u00fablica vai selecionar uma institui\u00e7\u00e3o para a realiza\u00e7\u00e3o de um projeto cultural a ser realizado na Grota da Alegria. O objetivo \u00e9 contribuir com a gera\u00e7\u00e3o de renda e o desenvolvimento da comunidade contemplada.<\/p>\n\n\n\n<p>O resultado final do processo seletivo deve ser divulgado no dia 9 de setembro no Di\u00e1rio Oficial do Munic\u00edpio (DOM). Confira<a href=\"http:\/\/www.maceio.al.gov.br\/acoes-culturais-na-grota-da-alegria\/\">&nbsp;aqui<\/a>&nbsp;o edital e seus respectivos anexos.<\/p>\n\n\n\n<p>Robson Muller \/ Ascom FMAC<\/p>\n","protected":false},"excerpt":{"rendered":"<p>Os interessados em participar do edital destinado \u00e0 nova etapa do Projeto A\u00e7\u00f5es Culturais para a Cidade<\/p>\n","protected":false},"author":1,"featured_media":8530,"comment_status":"open","ping_status":"open","sticky":false,"template":"","format":"standard","meta":{"footnotes":""},"categories":[60],"tags":[],"class_list":["post-8529","post","type-post","status-publish","format-standard","has-post-thumbnail","hentry","category-capa"],"_links":{"self":[{"href":"https:\/\/4cantosalagoas.com.br\/portal\/wp-json\/wp\/v2\/posts\/8529","targetHints":{"allow":["GET"]}}],"collection":[{"href":"https:\/\/4cantosalagoas.com.br\/portal\/wp-json\/wp\/v2\/posts"}],"about":[{"href":"https:\/\/4cantosalagoas.com.br\/portal\/wp-json\/wp\/v2\/types\/post"}],"author":[{"embeddable":true,"href":"https:\/\/4cantosalagoas.com.br\/portal\/wp-json\/wp\/v2\/users\/1"}],"replies":[{"embeddable":true,"href":"https:\/\/4cantosalagoas.com.br\/portal\/wp-json\/wp\/v2\/comments?post=8529"}],"version-history":[{"count":1,"href":"https:\/\/4cantosalagoas.com.br\/portal\/wp-json\/wp\/v2\/posts\/8529\/revisions"}],"predecessor-version":[{"id":8531,"href":"https:\/\/4cantosalagoas.com.br\/portal\/wp-json\/wp\/v2\/posts\/8529\/revisions\/8531"}],"wp:featuredmedia":[{"embeddable":true,"href":"https:\/\/4cantosalagoas.com.br\/portal\/wp-json\/wp\/v2\/media\/8530"}],"wp:attachment":[{"href":"https:\/\/4cantosalagoas.com.br\/portal\/wp-json\/wp\/v2\/media?parent=8529"}],"wp:term":[{"taxonomy":"category","embeddable":true,"href":"https:\/\/4cantosalagoas.com.br\/portal\/wp-json\/wp\/v2\/categories?post=8529"},{"taxonomy":"post_tag","embeddable":true,"href":"https:\/\/4cantosalagoas.com.br\/portal\/wp-json\/wp\/v2\/tags?post=8529"}],"curies":[{"name":"wp","href":"https:\/\/api.w.org\/{rel}","templated":true}]}}