{"id":8522,"date":"2019-08-29T10:26:44","date_gmt":"2019-08-29T13:26:44","guid":{"rendered":"http:\/\/4cantosalagoas.com.br\/portal\/?p=8522"},"modified":"2019-08-29T10:26:55","modified_gmt":"2019-08-29T13:26:55","slug":"vem-pra-cristo-chega-a-sua-4a-edicao-com-show-gratuito-de-adoracao-e-vida","status":"publish","type":"post","link":"https:\/\/4cantosalagoas.com.br\/portal\/vem-pra-cristo-chega-a-sua-4a-edicao-com-show-gratuito-de-adoracao-e-vida\/","title":{"rendered":"Vem Pra Cristo chega a sua 4\u00aa edi\u00e7\u00e3o com show gratuito de Adora\u00e7\u00e3o e Vida"},"content":{"rendered":"\n<figure class=\"wp-block-image\"><img fetchpriority=\"high\" decoding=\"async\" width=\"1194\" height=\"796\" src=\"https:\/\/i0.wp.com\/4cantosalagoas.com.br\/portal\/wp-content\/uploads\/2019\/08\/abc-misnya5.jpg?fit=1024%2C683\" alt=\"\" class=\"wp-image-8523\" srcset=\"https:\/\/4cantosalagoas.com.br\/portal\/wp-content\/uploads\/2019\/08\/abc-misnya5.jpg 1194w, https:\/\/4cantosalagoas.com.br\/portal\/wp-content\/uploads\/2019\/08\/abc-misnya5-300x200.jpg 300w, https:\/\/4cantosalagoas.com.br\/portal\/wp-content\/uploads\/2019\/08\/abc-misnya5-768x512.jpg 768w, https:\/\/4cantosalagoas.com.br\/portal\/wp-content\/uploads\/2019\/08\/abc-misnya5-1024x683.jpg 1024w\" sizes=\"(max-width: 1194px) 100vw, 1194px\" \/><figcaption>Assessoria, Divulga\u00e7\u00e3o<\/figcaption><\/figure>\n\n\n\n<p>\n\nUm dos maiores eventos cat\u00f3licos de Macei\u00f3, o Vem Pra Cristo, traz ao seu palco, neste ano, pela primeira vez, o minist\u00e9rio Adora\u00e7\u00e3o e Vida. O evento ser\u00e1 realizado no dia 1\u00ba de setembro, a partir das 9h, em frente \u00e0 igreja matriz da par\u00f3quia de S\u00e3o Paulo Ap\u00f3stolo, no conjunto Salvador Lyra. A entrada \u00e9 franca.<\/p>\n\n\n\n<p>O Vem Pra Cristo conta com uma programa\u00e7\u00e3o extensa distribu\u00edda ao longo do dia, com prega\u00e7\u00f5es da Madre Maria Rita e Padre Rodrigo Rios, testemunho de Igor F\u00e9lix, adora\u00e7\u00e3o ao Sant\u00edssimo Sacramento, com di\u00e1cono In\u00e1cio Filho, e muita m\u00fasica ao som dos Cantores de Nossa Senhora.&nbsp;<\/p>\n\n\n\n<p>\u00c0s 18h o p\u00fablico vai participar da Santa Missa celebrada pelo padre Manoel Jos\u00e9. Logo ap\u00f3s a celebra\u00e7\u00e3o eucar\u00edstica, sobe ao palco o minist\u00e9rio Adora\u00e7\u00e3o e Vida, que traz a Macei\u00f3 as principais can\u00e7\u00f5es que marcaram hist\u00f3ria da banda paulista.&nbsp;<\/p>\n\n\n\n<p>O evento traz tamb\u00e9m um espa\u00e7o dedicado \u00e0s crian\u00e7as. O Vem Pra Cristo Kids ter\u00e1 uma equipe pronta para recepcionar e atender a crian\u00e7ada presente no evento, com limita\u00e7\u00e3o de at\u00e9 70 crian\u00e7as, de 5 a 10 anos, por turno (manh\u00e3 e tarde). N\u00e3o ser\u00e1 preciso fazer inscri\u00e7\u00e3o pr\u00e9via.<\/p>\n\n\n\n<p>O p\u00e1roco, padre Manoel Jos\u00e9, enaltece a import\u00e2ncia do evento para a evangeliza\u00e7\u00e3o dos jovens e o fortalecimento da atua\u00e7\u00e3o mission\u00e1ria na Igreja de Macei\u00f3.<\/p>\n\n\n\n<p>\u201cEstamos na contagem regressiva na prepara\u00e7\u00e3o da quarta edi\u00e7\u00e3o desse evento que nasceu aqui na par\u00f3quia de S\u00e3o Paulo Ap\u00f3stolo. \u00c9 um acontecimento forte de evangeliza\u00e7\u00e3o, sobretudo para a juventude, que \u00e9 tema deste ano na nossa Arquidiocese. O Vem Pra Cristo deixa para n\u00f3s uma miss\u00e3o: toda aquele que \u00e9 chamado por Cristo para vir at\u00e9 ele, n\u00e3o \u00e9 chamado para vir ficar com ele, \u00e9 para estar com ele e para ser enviado em miss\u00e3o\u201d, exp\u00f5e Manoel Jos\u00e9. <\/p>\n\n\n\n<p>Assessoria<\/p>\n","protected":false},"excerpt":{"rendered":"<p>Um dos maiores eventos cat\u00f3licos de Macei\u00f3, o Vem Pra Cristo, traz ao seu palco, neste ano,<\/p>\n","protected":false},"author":1,"featured_media":8523,"comment_status":"open","ping_status":"open","sticky":false,"template":"","format":"standard","meta":{"footnotes":""},"categories":[60],"tags":[],"class_list":["post-8522","post","type-post","status-publish","format-standard","has-post-thumbnail","hentry","category-capa"],"_links":{"self":[{"href":"https:\/\/4cantosalagoas.com.br\/portal\/wp-json\/wp\/v2\/posts\/8522","targetHints":{"allow":["GET"]}}],"collection":[{"href":"https:\/\/4cantosalagoas.com.br\/portal\/wp-json\/wp\/v2\/posts"}],"about":[{"href":"https:\/\/4cantosalagoas.com.br\/portal\/wp-json\/wp\/v2\/types\/post"}],"author":[{"embeddable":true,"href":"https:\/\/4cantosalagoas.com.br\/portal\/wp-json\/wp\/v2\/users\/1"}],"replies":[{"embeddable":true,"href":"https:\/\/4cantosalagoas.com.br\/portal\/wp-json\/wp\/v2\/comments?post=8522"}],"version-history":[{"count":1,"href":"https:\/\/4cantosalagoas.com.br\/portal\/wp-json\/wp\/v2\/posts\/8522\/revisions"}],"predecessor-version":[{"id":8524,"href":"https:\/\/4cantosalagoas.com.br\/portal\/wp-json\/wp\/v2\/posts\/8522\/revisions\/8524"}],"wp:featuredmedia":[{"embeddable":true,"href":"https:\/\/4cantosalagoas.com.br\/portal\/wp-json\/wp\/v2\/media\/8523"}],"wp:attachment":[{"href":"https:\/\/4cantosalagoas.com.br\/portal\/wp-json\/wp\/v2\/media?parent=8522"}],"wp:term":[{"taxonomy":"category","embeddable":true,"href":"https:\/\/4cantosalagoas.com.br\/portal\/wp-json\/wp\/v2\/categories?post=8522"},{"taxonomy":"post_tag","embeddable":true,"href":"https:\/\/4cantosalagoas.com.br\/portal\/wp-json\/wp\/v2\/tags?post=8522"}],"curies":[{"name":"wp","href":"https:\/\/api.w.org\/{rel}","templated":true}]}}