{"id":8506,"date":"2019-08-28T07:55:19","date_gmt":"2019-08-28T10:55:19","guid":{"rendered":"http:\/\/4cantosalagoas.com.br\/portal\/?p=8506"},"modified":"2019-08-28T07:55:33","modified_gmt":"2019-08-28T10:55:33","slug":"policia-prende-em-maceio-mais-um-suspeito-de-homicidio-ocorrido-no-sertao","status":"publish","type":"post","link":"https:\/\/4cantosalagoas.com.br\/portal\/policia-prende-em-maceio-mais-um-suspeito-de-homicidio-ocorrido-no-sertao\/","title":{"rendered":"Pol\u00edcia prende em Macei\u00f3 mais um suspeito de homic\u00eddio ocorrido no Sert\u00e3o"},"content":{"rendered":"\n<figure class=\"wp-block-image\"><img fetchpriority=\"high\" decoding=\"async\" width=\"1024\" height=\"684\" src=\"https:\/\/i1.wp.com\/4cantosalagoas.com.br\/portal\/wp-content\/uploads\/2019\/08\/asfixia.jpg?fit=1024%2C684\" alt=\"\" class=\"wp-image-8507\" srcset=\"https:\/\/4cantosalagoas.com.br\/portal\/wp-content\/uploads\/2019\/08\/asfixia.jpg 1024w, https:\/\/4cantosalagoas.com.br\/portal\/wp-content\/uploads\/2019\/08\/asfixia-300x200.jpg 300w, https:\/\/4cantosalagoas.com.br\/portal\/wp-content\/uploads\/2019\/08\/asfixia-768x513.jpg 768w\" sizes=\"(max-width: 1024px) 100vw, 1024px\" \/><figcaption>Assessoria<\/figcaption><\/figure>\n\n\n\n<p>O delegado Regional de Santana do Ipanema, Hugo Leonardo, informou que policiais civis da Asfixia prenderam um jovem&nbsp; acusado de cometer um homic\u00eddio no munic\u00edpio sertanejo. Felipe Cabral Silva, de 20 anos, foi preso na manh\u00e3 desta segunda-feira (26), em Macei\u00f3.<\/p>\n\n\n\n<p>Ele, juntamente com Jackson Guilherme da Silva, de 19 anos, s\u00e3o acusados de terem executado Jos\u00e9 Roberto Evangelista Santos, com v\u00e1rios tiros, no dia 27 de maio deste ano, no munic\u00edpio de Santana do Ipanema, no Sert\u00e3o alagoano.<\/p>\n\n\n\n<p>Jackson&nbsp; j\u00e1 havia sido preso, ap\u00f3s cumprimento de mandado de pris\u00e3o preventiva.<\/p>\n\n\n\n<p>A pris\u00e3o de Felipe se deu ap\u00f3s investiga\u00e7\u00f5es realizadas pelos policiais civis da 2\u00b0&nbsp; Delegacia Regional de Pol\u00edcia (2\u00aa DRP), de Santana do Ipanema, sob o comando do delegado Hugo Leonardo, que conseguiram descobrir que o acusado se encontrava na capital alagoana e, com o apoio da Asfixia, conseguiram prend\u00ea-lo.<\/p>\n\n\n\n<p>\u201cCom a pris\u00e3o do \u00faltimo suspeito devemos fechar o inqu\u00e9rito, e concluir a elucida\u00e7\u00e3o de mais um crime ocorrido no Sert\u00e3o do estado\u201d, concluiu o delegado Hugo Leonardo.<\/p>\n\n\n\n<p>Assessoria<\/p>\n","protected":false},"excerpt":{"rendered":"<p>O delegado Regional de Santana do Ipanema, Hugo Leonardo, informou que policiais civis da Asfixia prenderam um<\/p>\n","protected":false},"author":1,"featured_media":8507,"comment_status":"open","ping_status":"open","sticky":false,"template":"","format":"standard","meta":{"footnotes":""},"categories":[60],"tags":[],"class_list":["post-8506","post","type-post","status-publish","format-standard","has-post-thumbnail","hentry","category-capa"],"_links":{"self":[{"href":"https:\/\/4cantosalagoas.com.br\/portal\/wp-json\/wp\/v2\/posts\/8506","targetHints":{"allow":["GET"]}}],"collection":[{"href":"https:\/\/4cantosalagoas.com.br\/portal\/wp-json\/wp\/v2\/posts"}],"about":[{"href":"https:\/\/4cantosalagoas.com.br\/portal\/wp-json\/wp\/v2\/types\/post"}],"author":[{"embeddable":true,"href":"https:\/\/4cantosalagoas.com.br\/portal\/wp-json\/wp\/v2\/users\/1"}],"replies":[{"embeddable":true,"href":"https:\/\/4cantosalagoas.com.br\/portal\/wp-json\/wp\/v2\/comments?post=8506"}],"version-history":[{"count":1,"href":"https:\/\/4cantosalagoas.com.br\/portal\/wp-json\/wp\/v2\/posts\/8506\/revisions"}],"predecessor-version":[{"id":8508,"href":"https:\/\/4cantosalagoas.com.br\/portal\/wp-json\/wp\/v2\/posts\/8506\/revisions\/8508"}],"wp:featuredmedia":[{"embeddable":true,"href":"https:\/\/4cantosalagoas.com.br\/portal\/wp-json\/wp\/v2\/media\/8507"}],"wp:attachment":[{"href":"https:\/\/4cantosalagoas.com.br\/portal\/wp-json\/wp\/v2\/media?parent=8506"}],"wp:term":[{"taxonomy":"category","embeddable":true,"href":"https:\/\/4cantosalagoas.com.br\/portal\/wp-json\/wp\/v2\/categories?post=8506"},{"taxonomy":"post_tag","embeddable":true,"href":"https:\/\/4cantosalagoas.com.br\/portal\/wp-json\/wp\/v2\/tags?post=8506"}],"curies":[{"name":"wp","href":"https:\/\/api.w.org\/{rel}","templated":true}]}}