{"id":8460,"date":"2019-08-23T07:25:50","date_gmt":"2019-08-23T10:25:50","guid":{"rendered":"http:\/\/4cantosalagoas.com.br\/portal\/?p=8460"},"modified":"2019-08-23T07:25:59","modified_gmt":"2019-08-23T10:25:59","slug":"coronel-cavalcante-e-condenado-a-21-anos-de-prisao-pelo-assassinato-do-cabo-goncalves","status":"publish","type":"post","link":"https:\/\/4cantosalagoas.com.br\/portal\/coronel-cavalcante-e-condenado-a-21-anos-de-prisao-pelo-assassinato-do-cabo-goncalves\/","title":{"rendered":"Coronel Cavalcante \u00e9 condenado a 21 anos de pris\u00e3o pelo assassinato do cabo Gon\u00e7alves"},"content":{"rendered":"\n<figure class=\"wp-block-image\"><img fetchpriority=\"high\" decoding=\"async\" width=\"1280\" height=\"853\" src=\"https:\/\/i2.wp.com\/4cantosalagoas.com.br\/portal\/wp-content\/uploads\/2019\/08\/coronel.jpg?fit=1024%2C682\" alt=\"\" class=\"wp-image-8461\" srcset=\"https:\/\/4cantosalagoas.com.br\/portal\/wp-content\/uploads\/2019\/08\/coronel.jpg 1280w, https:\/\/4cantosalagoas.com.br\/portal\/wp-content\/uploads\/2019\/08\/coronel-300x200.jpg 300w, https:\/\/4cantosalagoas.com.br\/portal\/wp-content\/uploads\/2019\/08\/coronel-768x512.jpg 768w, https:\/\/4cantosalagoas.com.br\/portal\/wp-content\/uploads\/2019\/08\/coronel-1024x682.jpg 1024w\" sizes=\"(max-width: 1280px) 100vw, 1280px\" \/><figcaption> <br>Coronel Cavalcante dever\u00e1 cumprir a pena em regime inicialmente fechado. Foto: Caio Loureiro <\/figcaption><\/figure>\n\n\n\n<p>O Conselho de Senten\u00e7a do 1\u00ba Tribunal do J\u00fari condenou o r\u00e9u Manoel Francisco Cavalcante, conhecido como coronel Cavalcante, a 21 anos de pris\u00e3o pelo homic\u00eddio qualificado de Jos\u00e9 Gon\u00e7alves da Silva, o cabo Gon\u00e7alves, ocorrido em maio de 1996. O irm\u00e3o do coronel, Marcos Ant\u00f4nio Cavalcante, foi julgado e absolvido pelos jurados.<\/p>\n\n\n\n<p>O julgamento, teve in\u00edcio na manh\u00e3 desta quinta-feira (21) e terminou por volta das 22h30, foi conduzido pelo magistrado S\u00f3stenes Alex Costa de Andrade, titular da 7\u00aa Vara Criminal da Capital. O juiz aplicou a pena a ser cumprida em regime inicialmente fechado.<\/p>\n\n\n\n<p>\u201cNesse ponto, considerando que o r\u00e9u atualmente est\u00e1 em regime semiaberto, em virtude de outras condena\u00e7\u00f5es criminais transitadas em julgado (processo de execu\u00e7\u00e3o n\u00ba 0081959-81.2008.8.02.0001), se vislumbra a possibilidade de regress\u00e3o do regime, o que justifica sua segrega\u00e7\u00e3o cautelar como medida para assegurar a aplica\u00e7\u00e3o da lei penal, nos termos do artigo 312 do C\u00f3digo de Processo Penal\u201d, explicou o magistrado.<\/p>\n\n\n\n<p>Esta foi a segunda vez que os acusados foram levados a j\u00fari por esse crime. Em 2011, a dupla foi julgada e absolvida pelo Conselho de Senten\u00e7a. Ap\u00f3s recurso do Minist\u00e9rio P\u00fablico, a C\u00e2mara Criminal do Tribunal de Justi\u00e7a de Alagoas (TJAL) considerou que os jurados decidiram de forma contr\u00e1ria \u00e0s provas dos autos e determinou novo julgamento.<\/p>\n\n\n\n<p><strong>O caso<\/strong><\/p>\n\n\n\n<p>O crime ocorreu em 9 de maio de 1996, por volta das 11h, em um posto localizado na avenida Menino Marcelo, em Macei\u00f3. De acordo com a den\u00fancia, Marcos Ant\u00f4nio Cavalcante, acompanhado de outros acusados, teria efetuado disparos contra cabo Gon\u00e7alves, enquanto coronel Cavalcante teria ficado em seu ve\u00edculo, prestando aux\u00edlio aos executores.<\/p>\n\n\n\n<p>Os r\u00e9us s\u00e3o acusados de integrar a extinta &#8220;Gangue fardada&#8221;, formada, em sua maioria, por policiais e ex-policiais militares, e apontada como respons\u00e1vel por uma s\u00e9rie de crimes ocorridos nas d\u00e9cadas de 80 e 90 em Alagoas, como homic\u00eddios, assaltos e sequestros.<\/p>\n\n\n\n<p><em>Mat\u00e9ria referente ao processo n\u00ba&nbsp;<a href=\"https:\/\/www2.tjal.jus.br\/cpopg\/show.do?processo.codigo=01000CUVA0000&amp;processo.foro=1&amp;uuidCaptcha=sajcaptcha_6b2736e3e70d4a139f324320b77ef18d\" target=\"_blank\" rel=\"noreferrer noopener\">0017126-49.2011.8.02.0001<\/a><br><br><\/em><\/p>\n\n\n\n<p><strong>Diretoria de Comunica\u00e7\u00e3o \u2013 Dicom TJAL&nbsp;&#8211; RF<\/strong><\/p>\n","protected":false},"excerpt":{"rendered":"<p>O Conselho de Senten\u00e7a do 1\u00ba Tribunal do J\u00fari condenou o r\u00e9u Manoel Francisco Cavalcante, conhecido como<\/p>\n","protected":false},"author":1,"featured_media":8461,"comment_status":"open","ping_status":"open","sticky":false,"template":"","format":"standard","meta":{"footnotes":""},"categories":[60],"tags":[],"class_list":["post-8460","post","type-post","status-publish","format-standard","has-post-thumbnail","hentry","category-capa"],"_links":{"self":[{"href":"https:\/\/4cantosalagoas.com.br\/portal\/wp-json\/wp\/v2\/posts\/8460","targetHints":{"allow":["GET"]}}],"collection":[{"href":"https:\/\/4cantosalagoas.com.br\/portal\/wp-json\/wp\/v2\/posts"}],"about":[{"href":"https:\/\/4cantosalagoas.com.br\/portal\/wp-json\/wp\/v2\/types\/post"}],"author":[{"embeddable":true,"href":"https:\/\/4cantosalagoas.com.br\/portal\/wp-json\/wp\/v2\/users\/1"}],"replies":[{"embeddable":true,"href":"https:\/\/4cantosalagoas.com.br\/portal\/wp-json\/wp\/v2\/comments?post=8460"}],"version-history":[{"count":1,"href":"https:\/\/4cantosalagoas.com.br\/portal\/wp-json\/wp\/v2\/posts\/8460\/revisions"}],"predecessor-version":[{"id":8462,"href":"https:\/\/4cantosalagoas.com.br\/portal\/wp-json\/wp\/v2\/posts\/8460\/revisions\/8462"}],"wp:featuredmedia":[{"embeddable":true,"href":"https:\/\/4cantosalagoas.com.br\/portal\/wp-json\/wp\/v2\/media\/8461"}],"wp:attachment":[{"href":"https:\/\/4cantosalagoas.com.br\/portal\/wp-json\/wp\/v2\/media?parent=8460"}],"wp:term":[{"taxonomy":"category","embeddable":true,"href":"https:\/\/4cantosalagoas.com.br\/portal\/wp-json\/wp\/v2\/categories?post=8460"},{"taxonomy":"post_tag","embeddable":true,"href":"https:\/\/4cantosalagoas.com.br\/portal\/wp-json\/wp\/v2\/tags?post=8460"}],"curies":[{"name":"wp","href":"https:\/\/api.w.org\/{rel}","templated":true}]}}