{"id":8453,"date":"2019-08-22T10:17:12","date_gmt":"2019-08-22T13:17:12","guid":{"rendered":"http:\/\/4cantosalagoas.com.br\/portal\/?p=8453"},"modified":"2019-08-22T10:17:23","modified_gmt":"2019-08-22T13:17:23","slug":"operacao-prende-integrantes-de-bando-acusado-de-varios-crimes","status":"publish","type":"post","link":"https:\/\/4cantosalagoas.com.br\/portal\/operacao-prende-integrantes-de-bando-acusado-de-varios-crimes\/","title":{"rendered":"Opera\u00e7\u00e3o prende integrantes de bando acusado de v\u00e1rios crimes"},"content":{"rendered":"\n<figure class=\"wp-block-image\"><img fetchpriority=\"high\" decoding=\"async\" width=\"1280\" height=\"853\" src=\"https:\/\/i0.wp.com\/4cantosalagoas.com.br\/portal\/wp-content\/uploads\/2019\/08\/ppc.jpg?fit=1024%2C682\" alt=\"\" class=\"wp-image-8455\" srcset=\"https:\/\/4cantosalagoas.com.br\/portal\/wp-content\/uploads\/2019\/08\/ppc.jpg 1280w, https:\/\/4cantosalagoas.com.br\/portal\/wp-content\/uploads\/2019\/08\/ppc-300x200.jpg 300w, https:\/\/4cantosalagoas.com.br\/portal\/wp-content\/uploads\/2019\/08\/ppc-768x512.jpg 768w, https:\/\/4cantosalagoas.com.br\/portal\/wp-content\/uploads\/2019\/08\/ppc-1024x682.jpg 1024w\" sizes=\"(max-width: 1280px) 100vw, 1280px\" \/><figcaption> <br>Opera\u00e7\u00e3o est\u00e1 sendo realizada na regi\u00e3o do Cocal, em Joaquim Gomes (Foto: ASCOM\/PC)<br><br> <\/figcaption><\/figure>\n\n\n\n<p>For\u00e7as de seguran\u00e7a p\u00fablica deflagraram no in\u00edcio da manh\u00e3 desta quinta-feira (22) uma opera\u00e7\u00e3o na regi\u00e3o do Cocal, no munic\u00edpio de Joaquim Gomes, para o cumprimento de mandados de busca, apreens\u00e3o e pris\u00e3o, tendo como alvos integrantes de uma grande organiza\u00e7\u00e3o criminosa.<\/p>\n\n\n\n<p>O grupo atua nos crimes de tr\u00e1fico de drogas, homic\u00eddios e, principalmente, em roubos de cargas, a \u00f4nibus e ve\u00edculos de passeio que trafegam pelos munic\u00edpios de Novo Lino, Flexeiras e Joaquim Gomes.<\/p>\n\n\n\n<p>A opera\u00e7\u00e3o tem a participa\u00e7\u00e3o de policiais civis da Divis\u00e3o Especial de Investiga\u00e7\u00e3o e Capturas (Deic), T\u00e1tico Integrado de Grupos de Resgates Especiais (Tigre), comandados pelos delegados F\u00e1bio Costa, Cayo Rodrigues e Thiago Prado; da Delegacia Geral; Pol\u00edcia Rodovi\u00e1ria Federal, e militares da 2\u00aa Companhia Independente, Batalh\u00e3o de Tr\u00e2nsito (BPTran) e 5\u00ba Batalh\u00e3o da Pol\u00edcia Militar.<\/p>\n\n\n\n<p>A opera\u00e7\u00e3o est\u00e1 em andamento. At\u00e9 o momento j\u00e1 foram presos seis acusados de participa\u00e7\u00e3o no grupo criminoso: Maria C\u00edcera da Concei\u00e7\u00e3o, conhecida como \u201cTeka\u201d, Amaro Ant\u00f4nio de Carvalho J\u00fanior, Adelmo Expedido da Silva, Alzemir de Carvalho, o \u201cCanh\u00e3o\u201d, Saniele Maria dos Santos e um homem conhecido como \u201cEveraldinho\u201d.<\/p>\n\n\n\n<p>Todos os presos s\u00e3o acusados de ataques contra caminhoneiros e fazendeiros da regi\u00e3o do Cocal, participando de diversos roubos.<\/p>\n\n\n\n<p>Assessoria<\/p>\n","protected":false},"excerpt":{"rendered":"<p>For\u00e7as de seguran\u00e7a p\u00fablica deflagraram no in\u00edcio da manh\u00e3 desta quinta-feira (22) uma opera\u00e7\u00e3o na regi\u00e3o do<\/p>\n","protected":false},"author":1,"featured_media":8455,"comment_status":"open","ping_status":"open","sticky":false,"template":"","format":"standard","meta":{"footnotes":""},"categories":[60],"tags":[],"class_list":["post-8453","post","type-post","status-publish","format-standard","has-post-thumbnail","hentry","category-capa"],"_links":{"self":[{"href":"https:\/\/4cantosalagoas.com.br\/portal\/wp-json\/wp\/v2\/posts\/8453","targetHints":{"allow":["GET"]}}],"collection":[{"href":"https:\/\/4cantosalagoas.com.br\/portal\/wp-json\/wp\/v2\/posts"}],"about":[{"href":"https:\/\/4cantosalagoas.com.br\/portal\/wp-json\/wp\/v2\/types\/post"}],"author":[{"embeddable":true,"href":"https:\/\/4cantosalagoas.com.br\/portal\/wp-json\/wp\/v2\/users\/1"}],"replies":[{"embeddable":true,"href":"https:\/\/4cantosalagoas.com.br\/portal\/wp-json\/wp\/v2\/comments?post=8453"}],"version-history":[{"count":1,"href":"https:\/\/4cantosalagoas.com.br\/portal\/wp-json\/wp\/v2\/posts\/8453\/revisions"}],"predecessor-version":[{"id":8456,"href":"https:\/\/4cantosalagoas.com.br\/portal\/wp-json\/wp\/v2\/posts\/8453\/revisions\/8456"}],"wp:featuredmedia":[{"embeddable":true,"href":"https:\/\/4cantosalagoas.com.br\/portal\/wp-json\/wp\/v2\/media\/8455"}],"wp:attachment":[{"href":"https:\/\/4cantosalagoas.com.br\/portal\/wp-json\/wp\/v2\/media?parent=8453"}],"wp:term":[{"taxonomy":"category","embeddable":true,"href":"https:\/\/4cantosalagoas.com.br\/portal\/wp-json\/wp\/v2\/categories?post=8453"},{"taxonomy":"post_tag","embeddable":true,"href":"https:\/\/4cantosalagoas.com.br\/portal\/wp-json\/wp\/v2\/tags?post=8453"}],"curies":[{"name":"wp","href":"https:\/\/api.w.org\/{rel}","templated":true}]}}