{"id":8439,"date":"2019-08-21T10:19:00","date_gmt":"2019-08-21T13:19:00","guid":{"rendered":"http:\/\/4cantosalagoas.com.br\/portal\/?p=8439"},"modified":"2019-08-21T10:19:11","modified_gmt":"2019-08-21T13:19:11","slug":"pc-alagoana-prende-foragido-de-sao-paulo-acusado-de-estupro","status":"publish","type":"post","link":"https:\/\/4cantosalagoas.com.br\/portal\/pc-alagoana-prende-foragido-de-sao-paulo-acusado-de-estupro\/","title":{"rendered":"PC alagoana prende foragido de S\u00e3o Paulo acusado de estupro"},"content":{"rendered":"\n<figure class=\"wp-block-image\"><img fetchpriority=\"high\" decoding=\"async\" width=\"696\" height=\"426\" src=\"http:\/\/4cantosalagoas.com.br\/portal\/wp-content\/uploads\/2019\/07\/civl-2.jpg\" alt=\"\" class=\"wp-image-8154\" srcset=\"https:\/\/4cantosalagoas.com.br\/portal\/wp-content\/uploads\/2019\/07\/civl-2.jpg 696w, https:\/\/4cantosalagoas.com.br\/portal\/wp-content\/uploads\/2019\/07\/civl-2-300x184.jpg 300w\" sizes=\"(max-width: 696px) 100vw, 696px\" \/><figcaption>Assessoria<\/figcaption><\/figure>\n\n\n\n<p>Agentes do 4\u00ba Distrito da Capital, comandados pela delegada Larissa Santiago, prenderam nesta ter\u00e7a-feira (20) um homem identificado como Al\u00e9cio de Lima Silva, de 35 anos, foragido da Justi\u00e7a paulista.<\/p>\n\n\n\n<p>Ele \u00e9 acusado de crime de estupro de vulner\u00e1vel, e teve a pris\u00e3o decretada pela ju\u00edza Carolina Nunes Vieira, da 1\u00aa Vara Criminal do Foro de Pontal, do Estado de S\u00e3o Paulo.<\/p>\n\n\n\n<p>Ap\u00f3s ser localizado pelos policiais alagoanos, em Macei\u00f3, Al\u00e9cio de Lima Silva foi levado para o Complexo de Delegacias Especializadas (Code), no bairro de Mangabeiras, onde foram realizados os procedimentos legais.<\/p>\n\n\n\n<p>A delegada Larissa Santiago, inclusive, j\u00e1 informou \u00e0 Justi\u00e7a paulista sobre a pris\u00e3o do acusado.<\/p>\n\n\n\n<p>Al\u00e9cio ser\u00e1 transferido para o sistema prisional, onde ficar\u00e1 \u00e0 disposi\u00e7\u00e3o da Justi\u00e7a.<\/p>\n\n\n\n<p>Assessoria<\/p>\n","protected":false},"excerpt":{"rendered":"<p>Agentes do 4\u00ba Distrito da Capital, comandados pela delegada Larissa Santiago, prenderam nesta ter\u00e7a-feira (20) um homem<\/p>\n","protected":false},"author":1,"featured_media":8154,"comment_status":"open","ping_status":"open","sticky":false,"template":"","format":"standard","meta":{"footnotes":""},"categories":[60],"tags":[],"class_list":["post-8439","post","type-post","status-publish","format-standard","has-post-thumbnail","hentry","category-capa"],"_links":{"self":[{"href":"https:\/\/4cantosalagoas.com.br\/portal\/wp-json\/wp\/v2\/posts\/8439","targetHints":{"allow":["GET"]}}],"collection":[{"href":"https:\/\/4cantosalagoas.com.br\/portal\/wp-json\/wp\/v2\/posts"}],"about":[{"href":"https:\/\/4cantosalagoas.com.br\/portal\/wp-json\/wp\/v2\/types\/post"}],"author":[{"embeddable":true,"href":"https:\/\/4cantosalagoas.com.br\/portal\/wp-json\/wp\/v2\/users\/1"}],"replies":[{"embeddable":true,"href":"https:\/\/4cantosalagoas.com.br\/portal\/wp-json\/wp\/v2\/comments?post=8439"}],"version-history":[{"count":1,"href":"https:\/\/4cantosalagoas.com.br\/portal\/wp-json\/wp\/v2\/posts\/8439\/revisions"}],"predecessor-version":[{"id":8440,"href":"https:\/\/4cantosalagoas.com.br\/portal\/wp-json\/wp\/v2\/posts\/8439\/revisions\/8440"}],"wp:featuredmedia":[{"embeddable":true,"href":"https:\/\/4cantosalagoas.com.br\/portal\/wp-json\/wp\/v2\/media\/8154"}],"wp:attachment":[{"href":"https:\/\/4cantosalagoas.com.br\/portal\/wp-json\/wp\/v2\/media?parent=8439"}],"wp:term":[{"taxonomy":"category","embeddable":true,"href":"https:\/\/4cantosalagoas.com.br\/portal\/wp-json\/wp\/v2\/categories?post=8439"},{"taxonomy":"post_tag","embeddable":true,"href":"https:\/\/4cantosalagoas.com.br\/portal\/wp-json\/wp\/v2\/tags?post=8439"}],"curies":[{"name":"wp","href":"https:\/\/api.w.org\/{rel}","templated":true}]}}