{"id":8436,"date":"2019-08-21T09:22:35","date_gmt":"2019-08-21T12:22:35","guid":{"rendered":"http:\/\/4cantosalagoas.com.br\/portal\/?p=8436"},"modified":"2019-08-21T09:22:45","modified_gmt":"2019-08-21T12:22:45","slug":"desemprego-aumenta-e-repercute-no-consumo-das-familias-que-cai-07-em-julho","status":"publish","type":"post","link":"https:\/\/4cantosalagoas.com.br\/portal\/desemprego-aumenta-e-repercute-no-consumo-das-familias-que-cai-07-em-julho\/","title":{"rendered":"Desemprego aumenta e repercute no consumo das fam\u00edlias, que cai 0,7% em julho"},"content":{"rendered":"\n<figure class=\"wp-block-image\"><img fetchpriority=\"high\" decoding=\"async\" width=\"600\" height=\"450\" src=\"http:\/\/4cantosalagoas.com.br\/portal\/wp-content\/uploads\/2019\/08\/serr4.jpg\" alt=\"\" class=\"wp-image-8437\" srcset=\"https:\/\/4cantosalagoas.com.br\/portal\/wp-content\/uploads\/2019\/08\/serr4.jpg 600w, https:\/\/4cantosalagoas.com.br\/portal\/wp-content\/uploads\/2019\/08\/serr4-300x225.jpg 300w\" sizes=\"(max-width: 600px) 100vw, 600px\" \/><figcaption>Reprodu\u00e7\u00e3o<\/figcaption><\/figure>\n\n\n\n<p>Ap\u00f3s apresentar eleva\u00e7\u00e3o entre os meses de maio e junho, o \u00cdndice de Consumo<br>\ndas Fam\u00edlias recuou 0,7% em julho, conforme a pesquisa do Instituto Fecom\u00e9rcio AL<br>\ndesenvolvida em parceria com a Confedera\u00e7\u00e3o Nacional do Com\u00e9rcio de Bens, Servi\u00e7os<br>\ne Turismo (CNC). Na varia\u00e7\u00e3o anual, o consumo de julho deste ano foi 3,23% acima do<br>\nmesmo m\u00eas no ano anterior.<br>\nDe acordo com o assessor econ\u00f4mico da Federa\u00e7\u00e3o do Com\u00e9rcio de Bens,<br>\nServi\u00e7os e Turismo do Estado de Alagoas (Fecom\u00e9rcio AL), Felippe Rocha, os dados<br>\nrefletem a conjuntura econ\u00f4mica do pa\u00eds. Considerando que o primeiro trimestre de<br>\n2019 apresentou queda de 0,2% do PIB comparado ao mesmo per\u00edodo de 2018. \u201cAl\u00e9m<br>\ndisso, os dados econ\u00f4micos refor\u00e7am nova queda de mesmo valor no segundo<br>\ntrimestre de 2019, gerando o que podemos chamar de recess\u00e3o t\u00e9cnica, quando dois<br>\ntrimestres repetem queda da atividade econ\u00f4mica\u201d, explica.<br>\nContexto<br>\nEm Macei\u00f3, os dados Cadastro Geral de Empregados e Desempregados (CAGED)<br>\ndemonstram que entre janeiro a junho h\u00e1 saldo l\u00edquido negativo na cria\u00e7\u00e3o de postos<br>\nde trabalho, ou seja, houve mais demiss\u00f5es do que admiss\u00f5es, resultando na perda de<br>\n1.406 de empregos em Macei\u00f3.<br>\nNa microrregi\u00e3o de Macei\u00f3, que al\u00e9m da capital inclui Rio Largo, Marechal<br>\nDeodoro, Pilar e Satuba, a perda de postos de trabalho \u00e9 de 6.779 no mesmo per\u00edodo,<br>\no que acaba por impactar na economia de Macei\u00f3, pois a circula\u00e7\u00e3o de pessoas destas<br>\nlocalidades geram um efeito positivo no consumo da capital. Considerando o Estado<br>\nde Alagoas, foram fechados 23.224 postos de trabalho.<\/p>\n\n\n\n<p>Com menos postos de trabalho, menos pessoas ativas economicamente e,<br>\nconsequentemente, menos consumo, j\u00e1 que as pessoas tendem a priorizar o dinheiro<\/p>\n\n\n\n<p>que lhe resta com gastos essenciais. Nessa perspectiva, a Pesquisa Mensal do<br> Com\u00e9rcio (PMC) realizada pelo IBGE aponta que, entre janeiro a junho, o volume de<br> vendas caiu 3,5%, enquanto a receita nominal do Com\u00e9rcio se elevou 0,6%. Na<br> varia\u00e7\u00e3o mensal, a PMC destaca queda de 2% do volume de vendas de junho ante<br> maio e de 2,5% na receita nominal, em igual per\u00edodo.<br> No setor de Servi\u00e7os, a varia\u00e7\u00e3o mensal divulgada pela Pesquisa Mensal de<br> Servi\u00e7os (PMS), tamb\u00e9m do IBGE, mostra crescimento de 1,6% na receita mensal<br> (junho ante maio) e aumento de 1% nos servi\u00e7os prestados (junho ante maio). No<br> acumulado de janeiro a junho, o setor acumula queda de 3,2% na receita e de 4,6% no<br> volume de servi\u00e7os prestados.<br> \u201cAo compreendermos a situa\u00e7\u00e3o da economia brasileira, estadual e municipal,<br> percebemos com bastante clareza a queda do consumo das fam\u00edlias por conta da<br> incerteza econ\u00f4mica e prud\u00eancia\u201d, diz Felippe, mencionando que na pesquisa do<br> Instituto Fecom\u00e9rcio AL, o indicador do consumo aponta que mesmo com alta na<br> confian\u00e7a da perman\u00eancia em seu posto de trabalho (2,6%), o consumidor reduziu em<br> 7% o uso do cart\u00e3o de cr\u00e9dito, consumiu 1,7% a menos do que em julho de 2018 e<br> pretende consumir 4,7% a menos no restante do semestre (comparando ao ano<br> passado e reduziu seu consumo de bens dur\u00e1veis em 0,1% comparado a junho.<br> \u201cOs dados acima apresentados mostram que a economia brasileira permanece<br> patinando. A expectativa \u00e9 que os desdobramentos do segundo semestre e a libera\u00e7\u00e3o<br> do saque de quantia at\u00e9 R$ 500 por conta ativa ou inativa do FGTS tragam f\u00f4lego ao<br> consumo em todo o Estado de Alagoas\u201d, analisa Felippe.<br> Relat\u00f3rio completo no site do Instituto Fecom\u00e9rcio AL.<\/p>\n\n\n\n<p>Assessoria<\/p>\n","protected":false},"excerpt":{"rendered":"<p>Ap\u00f3s apresentar eleva\u00e7\u00e3o entre os meses de maio e junho, o \u00cdndice de Consumo das Fam\u00edlias recuou<\/p>\n","protected":false},"author":1,"featured_media":8437,"comment_status":"open","ping_status":"open","sticky":false,"template":"","format":"standard","meta":{"footnotes":""},"categories":[60],"tags":[],"class_list":["post-8436","post","type-post","status-publish","format-standard","has-post-thumbnail","hentry","category-capa"],"_links":{"self":[{"href":"https:\/\/4cantosalagoas.com.br\/portal\/wp-json\/wp\/v2\/posts\/8436","targetHints":{"allow":["GET"]}}],"collection":[{"href":"https:\/\/4cantosalagoas.com.br\/portal\/wp-json\/wp\/v2\/posts"}],"about":[{"href":"https:\/\/4cantosalagoas.com.br\/portal\/wp-json\/wp\/v2\/types\/post"}],"author":[{"embeddable":true,"href":"https:\/\/4cantosalagoas.com.br\/portal\/wp-json\/wp\/v2\/users\/1"}],"replies":[{"embeddable":true,"href":"https:\/\/4cantosalagoas.com.br\/portal\/wp-json\/wp\/v2\/comments?post=8436"}],"version-history":[{"count":1,"href":"https:\/\/4cantosalagoas.com.br\/portal\/wp-json\/wp\/v2\/posts\/8436\/revisions"}],"predecessor-version":[{"id":8438,"href":"https:\/\/4cantosalagoas.com.br\/portal\/wp-json\/wp\/v2\/posts\/8436\/revisions\/8438"}],"wp:featuredmedia":[{"embeddable":true,"href":"https:\/\/4cantosalagoas.com.br\/portal\/wp-json\/wp\/v2\/media\/8437"}],"wp:attachment":[{"href":"https:\/\/4cantosalagoas.com.br\/portal\/wp-json\/wp\/v2\/media?parent=8436"}],"wp:term":[{"taxonomy":"category","embeddable":true,"href":"https:\/\/4cantosalagoas.com.br\/portal\/wp-json\/wp\/v2\/categories?post=8436"},{"taxonomy":"post_tag","embeddable":true,"href":"https:\/\/4cantosalagoas.com.br\/portal\/wp-json\/wp\/v2\/tags?post=8436"}],"curies":[{"name":"wp","href":"https:\/\/api.w.org\/{rel}","templated":true}]}}