{"id":8363,"date":"2019-08-15T10:23:10","date_gmt":"2019-08-15T13:23:10","guid":{"rendered":"http:\/\/4cantosalagoas.com.br\/portal\/?p=8363"},"modified":"2019-08-15T10:23:22","modified_gmt":"2019-08-15T13:23:22","slug":"operacao-policial-transfere-acusado-de-homicidio-de-alagoas-para-sao-paulo","status":"publish","type":"post","link":"https:\/\/4cantosalagoas.com.br\/portal\/operacao-policial-transfere-acusado-de-homicidio-de-alagoas-para-sao-paulo\/","title":{"rendered":"Opera\u00e7\u00e3o policial transfere acusado de homic\u00eddio de Alagoas para S\u00e3o Paulo"},"content":{"rendered":"\n<figure class=\"wp-block-image\"><img fetchpriority=\"high\" decoding=\"async\" width=\"1158\" height=\"869\" src=\"https:\/\/i0.wp.com\/4cantosalagoas.com.br\/portal\/wp-content\/uploads\/2019\/08\/preso-paulista.jpg?fit=1024%2C768\" alt=\"\" class=\"wp-image-8364\" srcset=\"https:\/\/4cantosalagoas.com.br\/portal\/wp-content\/uploads\/2019\/08\/preso-paulista.jpg 1158w, https:\/\/4cantosalagoas.com.br\/portal\/wp-content\/uploads\/2019\/08\/preso-paulista-300x225.jpg 300w, https:\/\/4cantosalagoas.com.br\/portal\/wp-content\/uploads\/2019\/08\/preso-paulista-768x576.jpg 768w, https:\/\/4cantosalagoas.com.br\/portal\/wp-content\/uploads\/2019\/08\/preso-paulista-1024x768.jpg 1024w\" sizes=\"(max-width: 1158px) 100vw, 1158px\" \/><figcaption> <br><em>Jos\u00e9 Freire foi embarcado em avi\u00e3o para ser levado para S\u00e3o Paulo (Foto: ASCOM\/PC)<\/em> <\/figcaption><\/figure>\n\n\n\n<p>Uma opera\u00e7\u00e3o realizada pela Pol\u00edcia Civil de Alagoas, atrav\u00e9s da Delegacia de Homic\u00eddios de Arapiraca e Delegacia do 62\u00ba Distrito Policial de Cra\u00edbas, e que foi coordenada pelo delegado Everton Gon\u00e7alves de Souza, deu cumprimento, &nbsp;na tarde de quarta-feira (14), a uma decis\u00e3o judicial que determinou a remo\u00e7\u00e3o de Jos\u00e9 Freire da Silva, conhecido como \u201cJota\u201d ou \u201cJotinha\u201d, da Casa de Cust\u00f3dia de Arapiraca para o sistema penitenci\u00e1rio paulista.<\/p>\n\n\n\n<p>Ele responde a processo criminal pela pr\u00e1tica de homic\u00eddio no Estado de S\u00e3o Paulo e foi preso em Cra\u00edbas, interior de Alagoas, onde estava custodiado aguardando a remo\u00e7\u00e3o para aquele Estado. A a\u00e7\u00e3o teve o apoio da Administra\u00e7\u00e3o Penitenci\u00e1ria do Estado de S\u00e3o Paulo;<\/p>\n\n\n\n<p>O preso foi submetido a exame de corpo de delito no IML de Arapiraca e entregue no Aeroporto Zumbi dos Palmares, passando pelo Posto Avan\u00e7ado da Pol\u00edcia Civil de Alagoas e Sala da Pol\u00edcia Federal para a efetiva\u00e7\u00e3o dos procedimentos em terra.<\/p>\n\n\n\n<p>Ap\u00f3s os procedimentos de praxe, o preso foi transportado em um avi\u00e3o que saiu de Macei\u00f3 com destino ao Estado de S\u00e3o Paulo, onde ele permanecer\u00e1 recluso no sistema penitenci\u00e1rio \u00e0 disposi\u00e7\u00e3o da Justi\u00e7a paulista.<\/p>\n\n\n\n<p>Jos\u00e9 Freire da Silva foi preso na cidade de Cra\u00edbas, no dia 13 de dezembro de 2016, em cumprimento a um mandado de pris\u00e3o preventiva, decretada pela ju\u00edza de Direito, \u00c9rica Marcelina Cruz, da 1\u00aa Vara Criminal da Comarca de Suzano-SP, em decorr\u00eancia de condena\u00e7\u00e3o por crime de homic\u00eddio cometido no Estado de S\u00e3o Paulo.<\/p>\n\n\n\n<p>A integra\u00e7\u00e3o entre as Pol\u00edcias Civis de Alagoas e S\u00e3o Paulo foi fundamental para a troca de informa\u00e7\u00f5es sobre a localiza\u00e7\u00e3o e consequente captura de \u201cJotinha\u201d, que estava sob cust\u00f3dia da Pol\u00edcia Civil alagoana at\u00e9 esta quarta-feira.<\/p>\n\n\n\n<p>O delegado Everton Gon\u00e7alves aproveitou a ocasi\u00e3o para alertar a sociedade alagoana sobre a necessidade de se denunciar foragidos e criminosos atrav\u00e9s do disque-den\u00fancia 181.<\/p>\n\n\n\n<p>Assessoria<\/p>\n","protected":false},"excerpt":{"rendered":"<p>Uma opera\u00e7\u00e3o realizada pela Pol\u00edcia Civil de Alagoas, atrav\u00e9s da Delegacia de Homic\u00eddios de Arapiraca e Delegacia<\/p>\n","protected":false},"author":1,"featured_media":8364,"comment_status":"open","ping_status":"open","sticky":false,"template":"","format":"standard","meta":{"footnotes":""},"categories":[11],"tags":[],"class_list":["post-8363","post","type-post","status-publish","format-standard","has-post-thumbnail","hentry","category-policia"],"_links":{"self":[{"href":"https:\/\/4cantosalagoas.com.br\/portal\/wp-json\/wp\/v2\/posts\/8363","targetHints":{"allow":["GET"]}}],"collection":[{"href":"https:\/\/4cantosalagoas.com.br\/portal\/wp-json\/wp\/v2\/posts"}],"about":[{"href":"https:\/\/4cantosalagoas.com.br\/portal\/wp-json\/wp\/v2\/types\/post"}],"author":[{"embeddable":true,"href":"https:\/\/4cantosalagoas.com.br\/portal\/wp-json\/wp\/v2\/users\/1"}],"replies":[{"embeddable":true,"href":"https:\/\/4cantosalagoas.com.br\/portal\/wp-json\/wp\/v2\/comments?post=8363"}],"version-history":[{"count":1,"href":"https:\/\/4cantosalagoas.com.br\/portal\/wp-json\/wp\/v2\/posts\/8363\/revisions"}],"predecessor-version":[{"id":8365,"href":"https:\/\/4cantosalagoas.com.br\/portal\/wp-json\/wp\/v2\/posts\/8363\/revisions\/8365"}],"wp:featuredmedia":[{"embeddable":true,"href":"https:\/\/4cantosalagoas.com.br\/portal\/wp-json\/wp\/v2\/media\/8364"}],"wp:attachment":[{"href":"https:\/\/4cantosalagoas.com.br\/portal\/wp-json\/wp\/v2\/media?parent=8363"}],"wp:term":[{"taxonomy":"category","embeddable":true,"href":"https:\/\/4cantosalagoas.com.br\/portal\/wp-json\/wp\/v2\/categories?post=8363"},{"taxonomy":"post_tag","embeddable":true,"href":"https:\/\/4cantosalagoas.com.br\/portal\/wp-json\/wp\/v2\/tags?post=8363"}],"curies":[{"name":"wp","href":"https:\/\/api.w.org\/{rel}","templated":true}]}}