{"id":8281,"date":"2019-08-07T08:00:30","date_gmt":"2019-08-07T11:00:30","guid":{"rendered":"http:\/\/4cantosalagoas.com.br\/portal\/?p=8281"},"modified":"2019-08-07T08:00:40","modified_gmt":"2019-08-07T11:00:40","slug":"preso-angolano-flagrado-em-motel-com-menina-de-13-anos","status":"publish","type":"post","link":"https:\/\/4cantosalagoas.com.br\/portal\/preso-angolano-flagrado-em-motel-com-menina-de-13-anos\/","title":{"rendered":"Preso angolano flagrado em motel com menina de 13 anos"},"content":{"rendered":"\n<figure class=\"wp-block-image\"><img fetchpriority=\"high\" decoding=\"async\" width=\"696\" height=\"426\" src=\"http:\/\/4cantosalagoas.com.br\/portal\/wp-content\/uploads\/2019\/07\/civl-2.jpg\" alt=\"\" class=\"wp-image-8154\" srcset=\"https:\/\/4cantosalagoas.com.br\/portal\/wp-content\/uploads\/2019\/07\/civl-2.jpg 696w, https:\/\/4cantosalagoas.com.br\/portal\/wp-content\/uploads\/2019\/07\/civl-2-300x184.jpg 300w\" sizes=\"(max-width: 696px) 100vw, 696px\" \/><figcaption>Assessoria<\/figcaption><\/figure>\n\n\n\n<p>Policiais civis do 9\u00ba Distrito da Capital, comandados pelo delegado Nivaldo Aleixo, prenderam nesta segunda-feira (5) o angolano Jorge Manuel Doutel Lisboa, de 60 anos, flagrado com uma menina de 13 anos em um motel, situado na rodovia AL-101-Norte, no Litoral Norte de Macei\u00f3.<\/p>\n\n\n\n<p>A pris\u00e3o ocorreu ap\u00f3s uma den\u00fancia an\u00f4nima feita \u00e0quela delegacia distrital. Uma equipe do 9\u00ba DP foi at\u00e9 o local e confirmou a den\u00fancia.<\/p>\n\n\n\n<p>A menina estava de posse de uma carteira de identidade (RG) de uma jovem de 23 anos.<\/p>\n\n\n\n<p>O angolano afirma ter marcado um programa com uma pessoa de maior idade, mas acabou indo para o motel com a menina, que mora na regi\u00e3o de Guaxuma e tem envolvimento com droga.<\/p>\n\n\n\n<p>\u201cN\u00e3o dava para se enganar com a idade da garota, cuja idade transparece facilmente\u201d, afirmou o delegado.<\/p>\n\n\n\n<p>Jorge Manuel \u00e9 comerciante e est\u00e1 no Brasil desde 1974, j\u00e1 tendo adquirido cidadania brasileira.<\/p>\n\n\n\n<p>O delegado informou que o angolano dever\u00e1 responder pelo crime de estupro de vulner\u00e1vel.<\/p>\n\n\n\n<p>Os termos do flagrante ser\u00e3o enviados para a Delegacia dos Crimes Contra a Crian\u00e7a e o Adolescente, onde a delegada Adriana Gusm\u00e3o dever\u00e1 dar prosseguimento ao inqu\u00e9rito.<\/p>\n\n\n\n<p>\u201cEstou sugerindo, inclusive, que haja uma maior fiscaliza\u00e7\u00e3o nos mot\u00e9is de Macei\u00f3, que, em sua maioria, n\u00e3o pede a identifica\u00e7\u00e3o das jovens e adolescentes que chegam ali acompanhadas\u201d, completou o delegado Nivaldo Aleixo.<\/p>\n\n\n\n<p>Assessoria<\/p>\n","protected":false},"excerpt":{"rendered":"<p>Policiais civis do 9\u00ba Distrito da Capital, comandados pelo delegado Nivaldo Aleixo, prenderam nesta segunda-feira (5) o<\/p>\n","protected":false},"author":1,"featured_media":8154,"comment_status":"open","ping_status":"open","sticky":false,"template":"","format":"standard","meta":{"footnotes":""},"categories":[11],"tags":[],"class_list":["post-8281","post","type-post","status-publish","format-standard","has-post-thumbnail","hentry","category-policia"],"_links":{"self":[{"href":"https:\/\/4cantosalagoas.com.br\/portal\/wp-json\/wp\/v2\/posts\/8281","targetHints":{"allow":["GET"]}}],"collection":[{"href":"https:\/\/4cantosalagoas.com.br\/portal\/wp-json\/wp\/v2\/posts"}],"about":[{"href":"https:\/\/4cantosalagoas.com.br\/portal\/wp-json\/wp\/v2\/types\/post"}],"author":[{"embeddable":true,"href":"https:\/\/4cantosalagoas.com.br\/portal\/wp-json\/wp\/v2\/users\/1"}],"replies":[{"embeddable":true,"href":"https:\/\/4cantosalagoas.com.br\/portal\/wp-json\/wp\/v2\/comments?post=8281"}],"version-history":[{"count":1,"href":"https:\/\/4cantosalagoas.com.br\/portal\/wp-json\/wp\/v2\/posts\/8281\/revisions"}],"predecessor-version":[{"id":8282,"href":"https:\/\/4cantosalagoas.com.br\/portal\/wp-json\/wp\/v2\/posts\/8281\/revisions\/8282"}],"wp:featuredmedia":[{"embeddable":true,"href":"https:\/\/4cantosalagoas.com.br\/portal\/wp-json\/wp\/v2\/media\/8154"}],"wp:attachment":[{"href":"https:\/\/4cantosalagoas.com.br\/portal\/wp-json\/wp\/v2\/media?parent=8281"}],"wp:term":[{"taxonomy":"category","embeddable":true,"href":"https:\/\/4cantosalagoas.com.br\/portal\/wp-json\/wp\/v2\/categories?post=8281"},{"taxonomy":"post_tag","embeddable":true,"href":"https:\/\/4cantosalagoas.com.br\/portal\/wp-json\/wp\/v2\/tags?post=8281"}],"curies":[{"name":"wp","href":"https:\/\/api.w.org\/{rel}","templated":true}]}}