{"id":8249,"date":"2019-08-06T07:38:09","date_gmt":"2019-08-06T10:38:09","guid":{"rendered":"http:\/\/4cantosalagoas.com.br\/portal\/?p=8249"},"modified":"2019-08-07T07:13:35","modified_gmt":"2019-08-07T10:13:35","slug":"jazz-panorama-ao-vivo-recebe-musico-itamar-ansierre-nesta-terca","status":"publish","type":"post","link":"https:\/\/4cantosalagoas.com.br\/portal\/jazz-panorama-ao-vivo-recebe-musico-itamar-ansierre-nesta-terca\/","title":{"rendered":"Jazz Panorama Ao Vivo recebe m\u00fasico Itamar Ansierre nesta ter\u00e7a"},"content":{"rendered":"\n<figure class=\"wp-block-image\"><img fetchpriority=\"high\" decoding=\"async\" width=\"1200\" height=\"801\" src=\"https:\/\/i1.wp.com\/4cantosalagoas.com.br\/portal\/wp-content\/uploads\/2019\/08\/jazz.jpg?fit=1024%2C684\" alt=\"\" class=\"wp-image-8250\" srcset=\"https:\/\/4cantosalagoas.com.br\/portal\/wp-content\/uploads\/2019\/08\/jazz.jpg 1200w, https:\/\/4cantosalagoas.com.br\/portal\/wp-content\/uploads\/2019\/08\/jazz-300x200.jpg 300w, https:\/\/4cantosalagoas.com.br\/portal\/wp-content\/uploads\/2019\/08\/jazz-768x513.jpg 768w, https:\/\/4cantosalagoas.com.br\/portal\/wp-content\/uploads\/2019\/08\/jazz-1024x684.jpg 1024w\" sizes=\"(max-width: 1200px) 100vw, 1200px\" \/><figcaption> <br>M\u00fasico Itamar Ansierre. Foto: divulga\u00e7\u00e3o <\/figcaption><\/figure>\n\n\n\n<p>A d\u00e9cima segunda edi\u00e7\u00e3o do Jazz Panorama Ao Vivo acontece nesta ter\u00e7a-feira (6), a partir das 20h, no Teatro de Arena S\u00e9rgio Cardoso, localizado no Centro de Macei\u00f3. Desta vez, os m\u00fasicos do Clube do Jazz, comandado pelo contrabaixista Felix Baigon, ir\u00e3o dividir o palco com o tecladista e arranjador carioca Itamar Ansiere.<\/p>\n\n\n\n<p>Itamar Ansiere come\u00e7ou a se dedicar \u00e0 m\u00fasica aos seis anos durante as aulas de piano. Aos 19, o m\u00fasico carioca foi convidado para ser tecladista de Luiz\u00e3o Maia, baixista de Elis Regina.<\/p>\n\n\n\n<p>Desde ent\u00e3o, o m\u00fasico teve a oportunidade de trabalhar com diversos nomes da m\u00fasica nacional e internacional, a exemplo de Gonzaguinha, Beth Carvalho, Martinho da Vila, Rosa Passos, Jo\u00e3o Bosco, Ivan Lins, Gal Costa, Leila Pinheiro, Nana Caymmi, Edu Lobo, Danilo Caymmi, Dori Caymmi, Caetano Veloso, Mart\u2019n\u00e1lia e Toninho Horta, al\u00e9m dos internacionais Dionne Warwick, Arturo Sandoval e Sadao Watanabe.<\/p>\n\n\n\n<p>Os interessados podem adquirir<strong><a href=\"https:\/\/www.sympla.com.br\/jazz-panorama-ao-vivo-itamar-assiere__596036\">&nbsp;ingressos online<\/a>&nbsp;<\/strong>nas lojas do Ao Pharmac\u00eautico, na Ponta Verde e Mangabeiras. As entradas custam R$ 40 (inteira) e R$ 20 (meia). O Jazz Panorama Ao Vivo tem patroc\u00ednio da Prefeitura de Macei\u00f3, por meio da Funda\u00e7\u00e3o Municipal de A\u00e7\u00e3o Cultural (FMAC).<\/p>\n\n\n\n<p>Robson Muller \/ Ascom FMAC<\/p>\n","protected":false},"excerpt":{"rendered":"<p>A d\u00e9cima segunda edi\u00e7\u00e3o do Jazz Panorama Ao Vivo acontece nesta ter\u00e7a-feira (6), a partir das 20h,<\/p>\n","protected":false},"author":1,"featured_media":8250,"comment_status":"open","ping_status":"open","sticky":false,"template":"","format":"standard","meta":{"footnotes":""},"categories":[4],"tags":[],"class_list":["post-8249","post","type-post","status-publish","format-standard","has-post-thumbnail","hentry","category-noticias"],"_links":{"self":[{"href":"https:\/\/4cantosalagoas.com.br\/portal\/wp-json\/wp\/v2\/posts\/8249","targetHints":{"allow":["GET"]}}],"collection":[{"href":"https:\/\/4cantosalagoas.com.br\/portal\/wp-json\/wp\/v2\/posts"}],"about":[{"href":"https:\/\/4cantosalagoas.com.br\/portal\/wp-json\/wp\/v2\/types\/post"}],"author":[{"embeddable":true,"href":"https:\/\/4cantosalagoas.com.br\/portal\/wp-json\/wp\/v2\/users\/1"}],"replies":[{"embeddable":true,"href":"https:\/\/4cantosalagoas.com.br\/portal\/wp-json\/wp\/v2\/comments?post=8249"}],"version-history":[{"count":1,"href":"https:\/\/4cantosalagoas.com.br\/portal\/wp-json\/wp\/v2\/posts\/8249\/revisions"}],"predecessor-version":[{"id":8251,"href":"https:\/\/4cantosalagoas.com.br\/portal\/wp-json\/wp\/v2\/posts\/8249\/revisions\/8251"}],"wp:featuredmedia":[{"embeddable":true,"href":"https:\/\/4cantosalagoas.com.br\/portal\/wp-json\/wp\/v2\/media\/8250"}],"wp:attachment":[{"href":"https:\/\/4cantosalagoas.com.br\/portal\/wp-json\/wp\/v2\/media?parent=8249"}],"wp:term":[{"taxonomy":"category","embeddable":true,"href":"https:\/\/4cantosalagoas.com.br\/portal\/wp-json\/wp\/v2\/categories?post=8249"},{"taxonomy":"post_tag","embeddable":true,"href":"https:\/\/4cantosalagoas.com.br\/portal\/wp-json\/wp\/v2\/tags?post=8249"}],"curies":[{"name":"wp","href":"https:\/\/api.w.org\/{rel}","templated":true}]}}