{"id":8228,"date":"2019-08-03T07:00:09","date_gmt":"2019-08-03T10:00:09","guid":{"rendered":"http:\/\/4cantosalagoas.com.br\/portal\/?p=8228"},"modified":"2019-08-05T09:37:44","modified_gmt":"2019-08-05T12:37:44","slug":"praia-do-frances-campeonato-deodorense-de-surf-com-o-show-da-banda-vibracoes","status":"publish","type":"post","link":"https:\/\/4cantosalagoas.com.br\/portal\/praia-do-frances-campeonato-deodorense-de-surf-com-o-show-da-banda-vibracoes\/","title":{"rendered":"Praia  do Franc\u00eas: Campeonato Deodorense de Surf, com o show da banda Vibra\u00e7\u00f5es"},"content":{"rendered":"\n<figure class=\"wp-block-image\"><img fetchpriority=\"high\" decoding=\"async\" width=\"923\" height=\"610\" src=\"http:\/\/4cantosalagoas.com.br\/portal\/wp-content\/uploads\/2019\/08\/surf.jpg\" alt=\"\" class=\"wp-image-8229\" srcset=\"https:\/\/4cantosalagoas.com.br\/portal\/wp-content\/uploads\/2019\/08\/surf.jpg 923w, https:\/\/4cantosalagoas.com.br\/portal\/wp-content\/uploads\/2019\/08\/surf-300x198.jpg 300w, https:\/\/4cantosalagoas.com.br\/portal\/wp-content\/uploads\/2019\/08\/surf-768x508.jpg 768w\" sizes=\"(max-width: 923px) 100vw, 923px\" \/><figcaption>Reprodu\u00e7\u00e3o<\/figcaption><\/figure>\n\n\n\n<p>Para comemorar a inaugura\u00e7\u00e3o da Vila dos Pescadores, local onde iniciou o povoamento na Praia do Franc\u00eas<em>,&nbsp;<\/em>a Prefeitura de Marechal Deodoro ir\u00e1 realizar a I etapa do Campeonato Deodorense de Surf.&nbsp; O campeonato inicia no s\u00e1bado (03), com o show da banda Vibra\u00e7\u00f5es, e termina no domingo (04).&nbsp; O evento faz parte da programa\u00e7\u00e3o em comemora\u00e7\u00e3o dos 428 anos de Funda\u00e7\u00e3o de Marechal Deodoro e dos 192 anos do nascimento de Deodoro da Fonseca.<\/p>\n\n\n\n<p>Organizado pela ONG Semeadores do Surf com o apoio da Prefeitura de Marechal Deodoro, a competi\u00e7\u00e3o dar\u00e1 6 mil reais em premia\u00e7\u00e3o.&nbsp;Com uma vista paradis\u00edaca, o Campeonato Deodorense de Surf contar\u00e1 com oito categorias, sendo elas, Gormmets (Sub 10); Iniciante (Sub 14); Mirim (Sub 16); J\u00fanior (Sub 18); Open Profissional Masculino (Aberto); Open Profissional Feminino (Aberto); Master (Apartir De 35 Anos).<\/p>\n\n\n\n<p>Este ano, o campeonato vem trazendo uma novidade que \u00e9 a categoria Semeadores do Surf, que vai abriu inscri\u00e7\u00e3o para esportistas com S\u00edndrome de Down e Autismo.<\/p>\n\n\n\n<p>No total, foram ofertadas 100 vagas para inscri\u00e7\u00f5es, divididas em tr\u00eas premia\u00e7\u00f5es sendo elas, R$ 150,00 para a categoria Open Profissional Masculino; R$130,00 para a categoria Open Profissional Feminino; e R$100,00 para as demais. Os inscritos na categoria Semeadores do Surf ser\u00e3o isentos de taxa de inscri\u00e7\u00e3o. A competi\u00e7\u00e3o ir\u00e1 premiar em at\u00e9 6 mil os vendedores, al\u00e9m de trof\u00e9us e kits.<\/p>\n\n\n\n<div class=\"wp-block-image\"><figure class=\"alignleft\"><a href=\"http:\/\/s3.id5.com.br\/marechal\/uploads\/2019\/07\/ViladosPescadores3.jpg\"><img decoding=\"async\" src=\"http:\/\/s3.id5.com.br\/marechal\/uploads\/2019\/07\/ViladosPescadores3-300x200.jpg\" alt=\"\" class=\"wp-image-54547\"\/><\/a><\/figure><\/div>\n\n\n\n<p><strong>VILA DOS PESCADORES<\/strong><\/p>\n\n\n\n<p>A inaugura\u00e7\u00e3o da Vila dos Pescadores inicia \u00e0s 17h, e \u00e9 um marco hist\u00f3rico na comunidade da&nbsp;Praia do Franc\u00eas, que h\u00e1 anos sonhavam com a revitaliza\u00e7\u00e3o do espa\u00e7o.&nbsp;O local \u00e9 o \u2018marco zero\u2019 da Praia do Franc\u00eas, e com o tempo se tornou um espa\u00e7o de fomento ao surf, a pesca e um equipamento de lazer e esportes.<\/p>\n\n\n\n<p>A obra foi executada com recursos pr\u00f3prios do munic\u00edpio, um investimento de R$1.800 milh\u00e3o. Foram feitos diversos servi\u00e7os que est\u00e3o dando mais comodidade e dignidade para os moradores, al\u00e9m da valoriza\u00e7\u00e3o do turismo local.<\/p>\n\n\n\n<p>Al\u00e9m disso,&nbsp;a Vila tamb\u00e9m&nbsp;passou por revis\u00e3o na drenagem, melhorias no esgotamento sanit\u00e1rio, al\u00e9m de ilumina\u00e7\u00e3o de led em todo o espa\u00e7o. Antes, a pavimenta\u00e7\u00e3o era em paralelo e agora foi substitu\u00edda por piso intertravado.<\/p>\n\n\n\n<p>fonte: marechaldeodoro.al.gov.br<\/p>\n","protected":false},"excerpt":{"rendered":"<p>Para comemorar a inaugura\u00e7\u00e3o da Vila dos Pescadores, local onde iniciou o povoamento na Praia do Franc\u00eas,&nbsp;a<\/p>\n","protected":false},"author":1,"featured_media":8229,"comment_status":"open","ping_status":"open","sticky":false,"template":"","format":"standard","meta":{"footnotes":""},"categories":[4],"tags":[],"class_list":["post-8228","post","type-post","status-publish","format-standard","has-post-thumbnail","hentry","category-noticias"],"_links":{"self":[{"href":"https:\/\/4cantosalagoas.com.br\/portal\/wp-json\/wp\/v2\/posts\/8228","targetHints":{"allow":["GET"]}}],"collection":[{"href":"https:\/\/4cantosalagoas.com.br\/portal\/wp-json\/wp\/v2\/posts"}],"about":[{"href":"https:\/\/4cantosalagoas.com.br\/portal\/wp-json\/wp\/v2\/types\/post"}],"author":[{"embeddable":true,"href":"https:\/\/4cantosalagoas.com.br\/portal\/wp-json\/wp\/v2\/users\/1"}],"replies":[{"embeddable":true,"href":"https:\/\/4cantosalagoas.com.br\/portal\/wp-json\/wp\/v2\/comments?post=8228"}],"version-history":[{"count":2,"href":"https:\/\/4cantosalagoas.com.br\/portal\/wp-json\/wp\/v2\/posts\/8228\/revisions"}],"predecessor-version":[{"id":8241,"href":"https:\/\/4cantosalagoas.com.br\/portal\/wp-json\/wp\/v2\/posts\/8228\/revisions\/8241"}],"wp:featuredmedia":[{"embeddable":true,"href":"https:\/\/4cantosalagoas.com.br\/portal\/wp-json\/wp\/v2\/media\/8229"}],"wp:attachment":[{"href":"https:\/\/4cantosalagoas.com.br\/portal\/wp-json\/wp\/v2\/media?parent=8228"}],"wp:term":[{"taxonomy":"category","embeddable":true,"href":"https:\/\/4cantosalagoas.com.br\/portal\/wp-json\/wp\/v2\/categories?post=8228"},{"taxonomy":"post_tag","embeddable":true,"href":"https:\/\/4cantosalagoas.com.br\/portal\/wp-json\/wp\/v2\/tags?post=8228"}],"curies":[{"name":"wp","href":"https:\/\/api.w.org\/{rel}","templated":true}]}}