{"id":8225,"date":"2019-08-03T06:51:40","date_gmt":"2019-08-03T09:51:40","guid":{"rendered":"http:\/\/4cantosalagoas.com.br\/portal\/?p=8225"},"modified":"2019-08-03T06:51:51","modified_gmt":"2019-08-03T09:51:51","slug":"neste-domingo-ironman-modifica-transito-na-orla","status":"publish","type":"post","link":"https:\/\/4cantosalagoas.com.br\/portal\/neste-domingo-ironman-modifica-transito-na-orla\/","title":{"rendered":"Neste domingo: IronMan modifica tr\u00e2nsito na orla"},"content":{"rendered":"\n<figure class=\"wp-block-image\"><img fetchpriority=\"high\" decoding=\"async\" width=\"1024\" height=\"683\" src=\"https:\/\/i2.wp.com\/4cantosalagoas.com.br\/portal\/wp-content\/uploads\/2019\/08\/irom.jpg?fit=1024%2C683\" alt=\"\" class=\"wp-image-8226\" srcset=\"https:\/\/4cantosalagoas.com.br\/portal\/wp-content\/uploads\/2019\/08\/irom.jpg 1024w, https:\/\/4cantosalagoas.com.br\/portal\/wp-content\/uploads\/2019\/08\/irom-300x200.jpg 300w, https:\/\/4cantosalagoas.com.br\/portal\/wp-content\/uploads\/2019\/08\/irom-768x512.jpg 768w\" sizes=\"(max-width: 1024px) 100vw, 1024px\" \/><figcaption> <br>Ironman 70.3 acontecer\u00e1 em Macei\u00f3 neste domingo (04). Foto: Maxwell Monteiro\/ Secom Macei\u00f3 <\/figcaption><\/figure>\n\n\n\n<p>Neste domingo (04), devido \u00e0 realiza\u00e7\u00e3o do evento esportivo IronMan 70.3, equipes da Superintend\u00eancia Municipal de Transportes e Tr\u00e2nsito (SMTT) modificar\u00e3o o fluxo de ve\u00edculos na regi\u00e3o da orla mar\u00edtima de Macei\u00f3. As interdi\u00e7\u00f5es ser\u00e3o iniciadas a partir das 5h.<\/p>\n\n\n\n<p>Para a realiza\u00e7\u00e3o da prova de ciclismo, o trecho que vai da Pra\u00e7a Multieventos, no bairro da Paju\u00e7ara, at\u00e9 a Ponte Divaldo Suruagy, no Pontal da Barra, ser\u00e1 bloqueado. As mudan\u00e7as ser\u00e3o iniciadas \u00e0s 5h e a libera\u00e7\u00e3o das vias est\u00e1 prevista para acontecer \u00e0s 12h.<\/p>\n\n\n\n<p>Para a corrida, o fluxo de ve\u00edculos que vai desde o in\u00edcio da Avenida Doutor Ant\u00f4nio Gomes de Barros at\u00e9 a Rua Deputado Jos\u00e9 Lages, na Ponta Verde, ser\u00e1 bloqueado das 7h \u00e0s 15h.<\/p>\n\n\n\n<p>Durante todo o evento, o fluxo de ve\u00edculos ser\u00e1 liberado no sentido Jati\u00faca-Paju\u00e7ara. Os condutores que chegarem nas proximidades da Pra\u00e7a Multieventos dever\u00e3o fazer um pequeno desvio, entrando \u00e0 direita na Rua Domingos Lordsleen. O redirecionamento no curso dos ve\u00edculos acontecer\u00e1 devido \u00e0 concentra\u00e7\u00e3o dos atletas na regi\u00e3o.<\/p>\n\n\n\n<p>J\u00e1 os condutores que estiverem chegando \u00e0 capital alagoana pelo Litoral Sul dever\u00e3o obrigatoriamente virar \u00e0 esquerda na rotat\u00f3ria da Braskem e seguir pela Avenida Senador Rui Palmeira, no Trapiche da Barra.<\/p>\n\n\n\n<p>Ao todo, 30 agentes da SMTT garantir\u00e3o a seguran\u00e7a vi\u00e1ria durante a realiza\u00e7\u00e3o do evento. \u201cA SMTT, em parceria com outros \u00f3rg\u00e3os, vai atuar nas ruas para promover seguran\u00e7a vi\u00e1ria aos participantes do evento, para o p\u00fablico em geral e tamb\u00e9m para os pedestres que estar\u00e3o circulando pelo local\u201d, refor\u00e7a o assessor t\u00e9cnico de Tr\u00e2nsito da SMTT, Wanderson Freitas.<\/p>\n\n\n\n<p><strong>Ades\u00e3o da popula\u00e7\u00e3o<\/strong><\/p>\n\n\n\n<p>Por ser um evento de grande porte e que demanda uma s\u00e9rie de modifica\u00e7\u00f5es no fluxo vi\u00e1rio, a SMTT pede a compreens\u00e3o da popula\u00e7\u00e3o e orienta que os condutores procurem utilizar vias alternativas para evitar poss\u00edveis transtornos.<\/p>\n\n\n\n<p>Ascom SMTT<\/p>\n","protected":false},"excerpt":{"rendered":"<p>Neste domingo (04), devido \u00e0 realiza\u00e7\u00e3o do evento esportivo IronMan 70.3, equipes da Superintend\u00eancia Municipal de Transportes<\/p>\n","protected":false},"author":1,"featured_media":8226,"comment_status":"open","ping_status":"open","sticky":false,"template":"","format":"standard","meta":{"footnotes":""},"categories":[60],"tags":[],"class_list":["post-8225","post","type-post","status-publish","format-standard","has-post-thumbnail","hentry","category-capa"],"_links":{"self":[{"href":"https:\/\/4cantosalagoas.com.br\/portal\/wp-json\/wp\/v2\/posts\/8225","targetHints":{"allow":["GET"]}}],"collection":[{"href":"https:\/\/4cantosalagoas.com.br\/portal\/wp-json\/wp\/v2\/posts"}],"about":[{"href":"https:\/\/4cantosalagoas.com.br\/portal\/wp-json\/wp\/v2\/types\/post"}],"author":[{"embeddable":true,"href":"https:\/\/4cantosalagoas.com.br\/portal\/wp-json\/wp\/v2\/users\/1"}],"replies":[{"embeddable":true,"href":"https:\/\/4cantosalagoas.com.br\/portal\/wp-json\/wp\/v2\/comments?post=8225"}],"version-history":[{"count":1,"href":"https:\/\/4cantosalagoas.com.br\/portal\/wp-json\/wp\/v2\/posts\/8225\/revisions"}],"predecessor-version":[{"id":8227,"href":"https:\/\/4cantosalagoas.com.br\/portal\/wp-json\/wp\/v2\/posts\/8225\/revisions\/8227"}],"wp:featuredmedia":[{"embeddable":true,"href":"https:\/\/4cantosalagoas.com.br\/portal\/wp-json\/wp\/v2\/media\/8226"}],"wp:attachment":[{"href":"https:\/\/4cantosalagoas.com.br\/portal\/wp-json\/wp\/v2\/media?parent=8225"}],"wp:term":[{"taxonomy":"category","embeddable":true,"href":"https:\/\/4cantosalagoas.com.br\/portal\/wp-json\/wp\/v2\/categories?post=8225"},{"taxonomy":"post_tag","embeddable":true,"href":"https:\/\/4cantosalagoas.com.br\/portal\/wp-json\/wp\/v2\/tags?post=8225"}],"curies":[{"name":"wp","href":"https:\/\/api.w.org\/{rel}","templated":true}]}}